{"id":3557,"date":"2022-02-20T16:11:33","date_gmt":"2022-02-20T16:11:33","guid":{"rendered":"http:\/\/www.agust.net\/wordpress\/?p=3557"},"modified":"2023-02-16T22:24:04","modified_gmt":"2023-02-16T22:24:04","slug":"1947-kjarnorka-a-komandi-timum","status":"publish","type":"post","link":"http:\/\/www.agust.net\/wordpress\/2022\/02\/20\/1947-kjarnorka-a-komandi-timum\/","title":{"rendered":"Kjarnorka \u00e1 komandi t\u00edmum&#8230;"},"content":{"rendered":"<h6><span style=\"color: #808080;\"><span style=\"color: #999999;\">(Upphaflega \u00e1 Moggabloggi 7. september 2008.\u00a0 Uppf\u00e6rt h\u00e9r 20. febr\u00faar 2022)<\/span>.<br \/>\n.<\/span><\/h6>\n<p>&nbsp;<\/p>\n<p>&nbsp;<\/p>\n<div id=\"attachment_3559\" style=\"width: 306px\" class=\"wp-caption alignleft\"><img aria-describedby=\"caption-attachment-3559\" loading=\"lazy\" class=\"size-full wp-image-3559\" src=\"http:\/\/www.agust.net\/wordpress\/wp-content\/uploads\/2022\/02\/kjarnorka-a-komandi-timum-300w_663048.jpg\" alt=\"\" width=\"300\" height=\"434\" \/><p id=\"caption-attachment-3559\" class=\"wp-caption-text\">B\u00f3kin &#8220;Kjarnorka \u00e1 komandi t\u00edmum&#8221; sem kom \u00fat \u00e1ri\u00f0 1947<\/p><\/div>\n<p><strong>Fyrir\u00a0 75 \u00e1rum, e\u00f0a \u00e1ri\u00f0 1947<\/strong>,\u00a0 kom \u00fat b\u00f3k \u00e1 \u00edslensku sem nefnist\u00a0<strong><em>Kjarnorka \u00e1 komandi t\u00edmum<\/em>.<\/strong>\u00a0B\u00f3kin er 216 bla\u00f0s\u00ed\u00f0ur a\u00f0 lengd og merkilega yfirgripsmikil. H\u00f6fundur b\u00f3karinnar er\u00a0<a href=\"http:\/\/query.nytimes.com\/gst\/fullpage.html?res=9D06EFDE1238F932A25751C1A962948260\" rel=\"nofollow\">David Dietz<\/a>, sem hlaut Pulitzer ver\u00f0launin \u00e1ri\u00f0 1937, en \u00fe\u00fd\u00f0andi\u00a0<a href=\"http:\/\/is.wikipedia.org\/wiki\/%C3%81g%C3%BAst_H._Bjarnason\" rel=\"nofollow\">\u00c1g\u00fast H. Bjarnason<\/a>\u00a0(1875-1952) sem var pr\u00f3fessor vi\u00f0 heimspekideild H\u00e1sk\u00f3la \u00cdslands og\u00a0tvisvar\u00a0rektor. (M\u00e1lverki\u00f0 er eftir \u00c1sgeir Bjarn\u00fe\u00f3rsson og er gert \u00e1ri\u00f0 1944).<\/p>\n<p>75 \u00e1r er \u00f3neitanlega langur t\u00edmi. Hva\u00f0 skyldu menn hafa veri\u00f0 a\u00f0 hugsa \u00e1 \u00e1rd\u00f6gum kjarne\u00f0lisfr\u00e6\u00f0innar? Hva\u00f0 hefur breyst \u00e1 \u00feessum t\u00edma? Hvernig hefur m\u00f6nnum tekist a\u00f0 hagn\u00fdta kjarnorkuna?<\/p>\n<p>\u00cd inngangsor\u00f0um \u00fe\u00fd\u00f0anda segir m.a:<br \/>\n<span style=\"color: #800000;\">&#8220;En \u00fe\u00f3 h\u00f6fundi s\u00e9 einkar lagi\u00f0 a\u00f0 rita lj\u00f3st og sk\u00fdrt og svo, a\u00f0 flestum me\u00f0algreindum m\u00f6nnum ver\u00f0i skiljanlegt, var efni b\u00f3karinnar svo n\u00fdtt og af alfaralei\u00f0, \u00fear sem um n\u00fdjustu e\u00f0lis- og efnafr\u00e6\u00f0iranns\u00f3knir er a\u00f0 r\u00e6\u00f0a, a\u00f0 \u00fea\u00f0 var a\u00f0eins me\u00f0 h\u00e1lfum hug a\u00f0 \u00e9g r\u00e9\u00f0st \u00ed a\u00f0 \u00fe\u00fd\u00f0a hana&#8230;&#8221;<\/span><\/p>\n<p>og s\u00ed\u00f0ar:\u00a0<span style=\"color: #800000;\">&#8220;En \u00fev\u00ed r\u00e9\u00f0st \u00e9g \u00ed a\u00f0 \u00fe\u00fd\u00f0a \u00feessa b\u00f3k, a\u00f0 \u00e9g \u00feykist sannf\u00e6r\u00f0ur um a\u00f0 kjarnorkuranns\u00f3knir \u00feessar r\u00e1\u00f0i ekki einungis aldahv\u00f6rfum \u00ed allri heimssko\u00f0un manna, heldur og \u00ed l\u00edfi \u00feeirra \u00e1 \u00feessari j\u00f6r\u00f0, og vir\u00f0ist n\u00fa allt undir \u00fev\u00ed komi\u00f0, hvernig m\u00f6nnum tekst a\u00f0 hagn\u00fdta kjarnorkuna, til g\u00f3\u00f0s e\u00f0a ills, \u00e1 komandi t\u00edmum; \u00fev\u00ed me\u00f0 valdi s\u00ednu \u00e1 henni m\u00e1 segja, a\u00f0 mennirnir s\u00e9u or\u00f0nir sinnar eigin g\u00e6fu e\u00f0a \u00f3g\u00e6fu smi\u00f0ir&#8221;.<\/span><\/p>\n<p>&nbsp;<\/p>\n<p>B\u00f3kin skiptist \u00ed 15 kafla og hefst fr\u00e1s\u00f6gnin \u00e1ri\u00f0 400 fyrir Krist \u00feegar gr\u00edski heimspekingurinn\u00a0<em><a href=\"http:\/\/is.wikipedia.org\/wiki\/Dem%C3%B3kr%C3%ADtos\" rel=\"nofollow\">Demokr\u00edtos<\/a><\/em>\u00a0h\u00e9lt \u00fev\u00ed fram a\u00f0 heimurinn v\u00e6ri ekki anna\u00f0 en t\u00f3mt r\u00fami\u00f0 og \u00f3t\u00f6lulegur fj\u00f6ldi \u00f3s\u00fdnilegra frumeinda. Fleiri heimspekingar koma vi\u00f0 s\u00f6gu, svo sem\u00a0<em><a href=\"http:\/\/is.wikipedia.org\/wiki\/Arist%C3%B3teles\" rel=\"nofollow\">Arist\u00f3teles<\/a>,\u00a0<a href=\"http:\/\/is.wikipedia.org\/wiki\/Epik%C3%BAros\" rel=\"nofollow\">Ep\u00edk\u00faros<\/a><\/em>\u00a0og\u00a0<a href=\"http:\/\/en.wikipedia.org\/wiki\/Lucretius\" rel=\"nofollow\">L\u00fakretiu<\/a>s (orti fr\u00e6\u00f0ilj\u00f3\u00f0i\u00f0\u00a0<a href=\"http:\/\/en.wikipedia.org\/wiki\/On_the_Nature_of_Things\" rel=\"nofollow\">De Rerum Natura).\u00a0<\/a>\u00a0\u00deessi forna frumeindakenning Grikkja var ekki endurvakin fyrr en\u00a0<em><a href=\"http:\/\/en.wikipedia.org\/wiki\/John_Dalton\" rel=\"nofollow\">John Dalton<\/a><\/em>\u00a0gaf \u00fat b\u00f3kina &#8220;N\u00fdtt kerfi heimspekilegrar efnafr\u00e6\u00f0i&#8221; \u00e1ri\u00f0 1808.<\/p>\n<div id=\"attachment_3562\" style=\"width: 270px\" class=\"wp-caption alignleft\"><img aria-describedby=\"caption-attachment-3562\" loading=\"lazy\" class=\" wp-image-3562\" src=\"http:\/\/www.agust.net\/wordpress\/wp-content\/uploads\/2022\/02\/agust_h_bjarnason_professor.jpg\" alt=\"\" width=\"264\" height=\"335\" srcset=\"http:\/\/www.agust.net\/wordpress\/wp-content\/uploads\/2022\/02\/agust_h_bjarnason_professor.jpg 943w, http:\/\/www.agust.net\/wordpress\/wp-content\/uploads\/2022\/02\/agust_h_bjarnason_professor-236x300.jpg 236w, http:\/\/www.agust.net\/wordpress\/wp-content\/uploads\/2022\/02\/agust_h_bjarnason_professor-805x1024.jpg 805w, http:\/\/www.agust.net\/wordpress\/wp-content\/uploads\/2022\/02\/agust_h_bjarnason_professor-768x977.jpg 768w\" sizes=\"(max-width: 264px) 100vw, 264px\" \/><p id=\"caption-attachment-3562\" class=\"wp-caption-text\">\u00c1g\u00fast H Bjarnason pr\u00f3fessor<\/p><\/div>\n<p>\u00cd b\u00f3kinni fl\u00e9ttast saman fr\u00e1s\u00f6gn af merkilegum kafla \u00ed s\u00f6gu e\u00f0lisfr\u00e6\u00f0innar, og reyndar s\u00f6gu mannkyns, og all\u00edtarleg kynning \u00e1 kjarnv\u00edsindunum.\u00a0 \u00cd b\u00f3kinni eru m\u00f6rg kunnugleg n\u00f6fn. Sem d\u00e6mi m\u00e1 nefna v\u00edsindamennina (margir \u00feeirra N\u00f3belsver\u00f0launahafar) <em><a href=\"https:\/\/is.wikipedia.org\/wiki\/Amedeo_Avogadro\">Avogrado<\/a>,\u00a0<a href=\"http:\/\/en.wikipedia.org\/wiki\/Daniel_Bernoulli\" rel=\"nofollow\">Bernoulli<\/a>,\u00a0<a href=\"http:\/\/en.wikipedia.org\/wiki\/James_Prescott_Joule\" rel=\"nofollow\">Joule<\/a>,\u00a0<a href=\"http:\/\/en.wikipedia.org\/wiki\/Dmitri_Mendeleev\" rel=\"nofollow\">Mendeleev<\/a>,\u00a0<a href=\"http:\/\/en.wikipedia.org\/wiki\/Svante_Arrhenius\" rel=\"nofollow\">Arrhenius<\/a>,\u00a0<a href=\"http:\/\/en.wikipedia.org\/wiki\/Wilhelm_Conrad_R%C3%B6ntgen\" rel=\"nofollow\">R\u00f6ntgen<\/a>,\u00a0<a href=\"http:\/\/nobelprize.org\/nobel_prizes\/physics\/laureates\/1903\/becquerel-bio.html\" rel=\"nofollow\">Becqurel<\/a>,\u00a0<a href=\"http:\/\/is.wikipedia.org\/wiki\/Pierre_Curie\" rel=\"nofollow\">Curie<\/a>,\u00a0<a href=\"http:\/\/en.wikipedia.org\/wiki\/Ernest_Rutherford\" rel=\"nofollow\">Rutherford<\/a>,\u00a0<a href=\"http:\/\/nobelprize.org\/nobel_prizes\/physics\/laureates\/1922\/bohr-bio.html\" rel=\"nofollow\">Bohr<\/a>,\u00a0<a href=\"http:\/\/en.wikipedia.org\/wiki\/James_Clerk_Maxwell\" rel=\"nofollow\">Maxwell<\/a>,\u00a0<a href=\"http:\/\/en.wikipedia.org\/wiki\/Michael_Faraday\" rel=\"nofollow\">Faraday<\/a>,\u00a0<a href=\"http:\/\/en.wikipedia.org\/wiki\/Heinrich_Hertz\" rel=\"nofollow\">Hertz<\/a>,\u00a0<a href=\"http:\/\/en.wikipedia.org\/wiki\/Max_Planck\" rel=\"nofollow\">Planck<\/a>,\u00a0<a href=\"http:\/\/is.wikipedia.org\/wiki\/Albert_Einstein\" rel=\"nofollow\">Einstein<\/a>,\u00a0<a href=\"http:\/\/nobelprize.org\/nobel_prizes\/physics\/laureates\/1927\/compton-bio.html\" rel=\"nofollow\">Compton<\/a>,\u00a0<a href=\"http:\/\/en.wikipedia.org\/wiki\/Charles_Wilson_(physicist)\" rel=\"nofollow\">Wilson<\/a>,\u00a0<a href=\"http:\/\/en.wikipedia.org\/wiki\/Erwin_Schr%C3%B6dinger\" rel=\"nofollow\">Schr\u00f6dinger<\/a>,\u00a0<a href=\"http:\/\/en.wikipedia.org\/wiki\/Werner_Heisenberg\" rel=\"nofollow\">Heisenberg<\/a>,\u00a0<a href=\"http:\/\/en.wikipedia.org\/wiki\/Max_Born\" rel=\"nofollow\">Max Born<\/a>,\u00a0<a href=\"http:\/\/en.wikipedia.org\/wiki\/Hans_Geiger\" rel=\"nofollow\">Geiger<\/a>,\u00a0<a href=\"http:\/\/en.wikipedia.org\/wiki\/Robert_Van_de_Graaff\" rel=\"nofollow\">Van de Graff<\/a>, \u00a0<a href=\"http:\/\/en.wikipedia.org\/wiki\/Louis_de_Broglie\" rel=\"nofollow\">de Broglie<\/a>,\u00a0<a href=\"http:\/\/en.wikipedia.org\/wiki\/Robert_Oppenheimer\" rel=\"nofollow\">Oppenheimer<\/a>,\u00a0<a href=\"http:\/\/en.wikipedia.org\/wiki\/Enrico_Fermi\" rel=\"nofollow\">Fermi<\/a>,\u00a0<a href=\"http:\/\/nobelprize.org\/nobel_prizes\/chemistry\/laureates\/1944\/hahn-bio.html\" rel=\"nofollow\">Hahn<\/a>,\u00a0<a href=\"http:\/\/en.wikipedia.org\/wiki\/Lise_Meitner\" rel=\"nofollow\">Lise Meitner<\/a>,\u00a0<a href=\"http:\/\/www.dannen.com\/szilard.html\" rel=\"nofollow\">Szilard<\/a>,\u00a0<\/em>&#8230;.<\/p>\n<p>Fj\u00f6lmargir a\u00f0rir koma vi\u00f0 s\u00f6gu \u00ed b\u00f3kinni. Fjalla\u00f0 er um uppbyggingu frumeindanna og hvernig vinna m\u00e1 orku me\u00f0 \u00fev\u00ed a\u00f0 sundra \u00faran\u00edum 235, e\u00f0a jafnvel me\u00f0 samruna vetnis \u00ed hel\u00edum eins og gerist \u00ed s\u00f3linni. \u00cd eftirm\u00e1la f\u00e6r Albert Einstein or\u00f0i\u00f0 \u00e1 nokkrum bla\u00f0s\u00ed\u00f0um \u00ed kafla sem ber yfirskriftina\u00a0<em>&#8220;A\u00f0alvandam\u00e1li\u00f0 b\u00fdr \u00ed hj\u00f6rtum mannanna&#8221;.<\/em><\/p>\n<p>&nbsp;<\/p>\n<p>Miki\u00f0 vatn hefur runni\u00f0 til sj\u00e1var s\u00ed\u00f0an \u00feessi b\u00f3k kom \u00fat fyrir hartn\u00e6r mannsaldri. \u00dea\u00f0 er merkilegt a\u00f0 sj\u00e1 hve b\u00f3kin er samt n\u00fat\u00edmaleg og hve snemma menn s\u00e1u fyrir s\u00e9r kosti og galla vi\u00f0 beislun kjarnorkunnar, b\u00e6\u00f0i til g\u00f3\u00f0s og ills, og s\u00e1u fyrir \u00fdmis vandam\u00e1l sem hafa r\u00e6st meira og minna. \u00dea\u00f0 er gaman a\u00f0 lesa hve mikil bjarts\u00fdni r\u00edkir \u00fer\u00e1tt fyrir \u00fe\u00e6r \u00f3gnir sem menn s\u00e1u fyrir og \u00feekktu vel af eigin raun, \u00fev\u00ed \u00f6rstutt var s\u00ed\u00f0an kjarnorkusprengjum var varpa\u00f0 \u00e1 Hiroshima og Nagasagi.<\/p>\n<p>&nbsp;<\/p>\n<p><strong>H\u00e9r fyrir ne\u00f0an eru nokkrar myndir \u00far b\u00f3kinni, en b\u00f3kina pr\u00fd\u00f0a allmargar lj\u00f3smyndir og sautj\u00e1n teikningar.<\/strong><\/p>\n<p><img loading=\"lazy\" class=\"aligncenter size-full wp-image-3566\" src=\"http:\/\/www.agust.net\/wordpress\/wp-content\/uploads\/2022\/02\/kjarnorka-1-500w.jpg\" alt=\"\" width=\"500\" height=\"419\" srcset=\"http:\/\/www.agust.net\/wordpress\/wp-content\/uploads\/2022\/02\/kjarnorka-1-500w.jpg 500w, http:\/\/www.agust.net\/wordpress\/wp-content\/uploads\/2022\/02\/kjarnorka-1-500w-300x251.jpg 300w\" sizes=\"(max-width: 500px) 100vw, 500px\" \/><\/p>\n<p>&nbsp;<\/p>\n<p><img loading=\"lazy\" class=\"aligncenter size-full wp-image-3567\" src=\"http:\/\/www.agust.net\/wordpress\/wp-content\/uploads\/2022\/02\/kjarnorka-4-500w_663702.jpg\" alt=\"\" width=\"500\" height=\"412\" srcset=\"http:\/\/www.agust.net\/wordpress\/wp-content\/uploads\/2022\/02\/kjarnorka-4-500w_663702.jpg 500w, http:\/\/www.agust.net\/wordpress\/wp-content\/uploads\/2022\/02\/kjarnorka-4-500w_663702-300x247.jpg 300w\" sizes=\"(max-width: 500px) 100vw, 500px\" \/><\/p>\n<p>&nbsp;<\/p>\n<p><img loading=\"lazy\" class=\"aligncenter size-full wp-image-3568\" src=\"http:\/\/www.agust.net\/wordpress\/wp-content\/uploads\/2022\/02\/kjarnorka-8-500w.jpg\" alt=\"\" width=\"500\" height=\"549\" srcset=\"http:\/\/www.agust.net\/wordpress\/wp-content\/uploads\/2022\/02\/kjarnorka-8-500w.jpg 500w, http:\/\/www.agust.net\/wordpress\/wp-content\/uploads\/2022\/02\/kjarnorka-8-500w-273x300.jpg 273w\" sizes=\"(max-width: 500px) 100vw, 500px\" \/> <img loading=\"lazy\" class=\"aligncenter size-full wp-image-3569\" src=\"http:\/\/www.agust.net\/wordpress\/wp-content\/uploads\/2022\/02\/kjarnorka-5-500w.jpg\" alt=\"\" width=\"500\" height=\"668\" srcset=\"http:\/\/www.agust.net\/wordpress\/wp-content\/uploads\/2022\/02\/kjarnorka-5-500w.jpg 500w, http:\/\/www.agust.net\/wordpress\/wp-content\/uploads\/2022\/02\/kjarnorka-5-500w-225x300.jpg 225w\" sizes=\"(max-width: 500px) 100vw, 500px\" \/><\/p>\n<p>&nbsp;<\/p>\n<p><img loading=\"lazy\" class=\"aligncenter size-full wp-image-3570\" src=\"http:\/\/www.agust.net\/wordpress\/wp-content\/uploads\/2022\/02\/kjarnorka-6-500w.jpg\" alt=\"\" width=\"500\" height=\"652\" srcset=\"http:\/\/www.agust.net\/wordpress\/wp-content\/uploads\/2022\/02\/kjarnorka-6-500w.jpg 500w, http:\/\/www.agust.net\/wordpress\/wp-content\/uploads\/2022\/02\/kjarnorka-6-500w-230x300.jpg 230w\" sizes=\"(max-width: 500px) 100vw, 500px\" \/><\/p>\n<p>&nbsp;<\/p>\n<p><img loading=\"lazy\" class=\"aligncenter size-full wp-image-3571\" src=\"http:\/\/www.agust.net\/wordpress\/wp-content\/uploads\/2022\/02\/kjarnorka-2-500w.jpg\" alt=\"\" width=\"500\" height=\"691\" srcset=\"http:\/\/www.agust.net\/wordpress\/wp-content\/uploads\/2022\/02\/kjarnorka-2-500w.jpg 500w, http:\/\/www.agust.net\/wordpress\/wp-content\/uploads\/2022\/02\/kjarnorka-2-500w-217x300.jpg 217w\" sizes=\"(max-width: 500px) 100vw, 500px\" \/><\/p>\n<p>&nbsp;<\/p>\n<p><img loading=\"lazy\" class=\"aligncenter size-full wp-image-3572\" src=\"http:\/\/www.agust.net\/wordpress\/wp-content\/uploads\/2022\/02\/kjarnorka-3-500w.jpg\" alt=\"\" width=\"500\" height=\"371\" srcset=\"http:\/\/www.agust.net\/wordpress\/wp-content\/uploads\/2022\/02\/kjarnorka-3-500w.jpg 500w, http:\/\/www.agust.net\/wordpress\/wp-content\/uploads\/2022\/02\/kjarnorka-3-500w-300x223.jpg 300w\" sizes=\"(max-width: 500px) 100vw, 500px\" \/><\/p>\n<p>&nbsp;<\/p>\n<p><img loading=\"lazy\" class=\"aligncenter size-full wp-image-3573\" src=\"http:\/\/www.agust.net\/wordpress\/wp-content\/uploads\/2022\/02\/kjarnorka-7-500w.jpg\" alt=\"\" width=\"500\" height=\"583\" srcset=\"http:\/\/www.agust.net\/wordpress\/wp-content\/uploads\/2022\/02\/kjarnorka-7-500w.jpg 500w, http:\/\/www.agust.net\/wordpress\/wp-content\/uploads\/2022\/02\/kjarnorka-7-500w-257x300.jpg 257w\" sizes=\"(max-width: 500px) 100vw, 500px\" \/><\/p>\n<p>&nbsp;<\/p>\n<p>&nbsp;<\/p>\n<p><strong>Samrunaorka<\/strong><\/p>\n<p>\u00cd kafla\u00a0<strong>&#8220;XIV &#8211; N\u00fdtt framt\u00ed\u00f0arvi\u00f0horf&#8230;.179&#8221;<\/strong> er fjalla\u00f0 um samrunaorku, a\u00f0 breyta vetni \u00ed hel\u00edum, og vandam\u00e1l sem menn eru enn \u00feann dag \u00ed dag a\u00f0 gl\u00edma vi\u00f0.\u00a0 H\u00e9r fyrir ne\u00f0an eru nokkrar \u00farklippur \u00far \u00feessum kafla b\u00f3karinnar sem kom \u00fat \u00e1ri\u00f0 1947.<\/p>\n<p>\u00dear stendur me\u00f0al annars: <span style=\"color: #800000;\">&#8220;Fyrir meira en 20 \u00e1rum \u00feykjast v\u00edsindamenn hafa komist a\u00f0, a\u00f0 einhver hagkv\u00e6masta uppspretta kjarnorkunnar s\u00e9 s\u00fa, a\u00f0 breyta vetni \u00ed hel\u00edum&#8230;&#8221;.\u00a0<\/span> N\u00fa er veri\u00f0 g\u00e6la vi\u00f0 \u00fe\u00e1 hugmynd a\u00f0 kannski geti \u00feetta or\u00f0i\u00f0 a\u00f0 veruleika um 2050. \u00d6ld eftir a\u00f0 b\u00f3kin kom \u00fat. &#8211;\u00a0 Kannski&#8230;<\/p>\n<p>&nbsp;<\/p>\n<p><img loading=\"lazy\" class=\"aligncenter size-full wp-image-3580\" src=\"http:\/\/www.agust.net\/wordpress\/wp-content\/uploads\/2022\/02\/samruni-1_1359925-1.jpg\" alt=\"\" width=\"1258\" height=\"1200\" srcset=\"http:\/\/www.agust.net\/wordpress\/wp-content\/uploads\/2022\/02\/samruni-1_1359925-1.jpg 1258w, http:\/\/www.agust.net\/wordpress\/wp-content\/uploads\/2022\/02\/samruni-1_1359925-1-300x286.jpg 300w, http:\/\/www.agust.net\/wordpress\/wp-content\/uploads\/2022\/02\/samruni-1_1359925-1-1024x977.jpg 1024w, http:\/\/www.agust.net\/wordpress\/wp-content\/uploads\/2022\/02\/samruni-1_1359925-1-768x733.jpg 768w\" sizes=\"(max-width: 1258px) 100vw, 1258px\" \/><\/p>\n<p><img loading=\"lazy\" class=\"aligncenter size-full wp-image-3581\" src=\"http:\/\/www.agust.net\/wordpress\/wp-content\/uploads\/2022\/02\/samruni-2-1.jpg\" alt=\"\" width=\"816\" height=\"1200\" srcset=\"http:\/\/www.agust.net\/wordpress\/wp-content\/uploads\/2022\/02\/samruni-2-1.jpg 816w, http:\/\/www.agust.net\/wordpress\/wp-content\/uploads\/2022\/02\/samruni-2-1-204x300.jpg 204w, http:\/\/www.agust.net\/wordpress\/wp-content\/uploads\/2022\/02\/samruni-2-1-696x1024.jpg 696w, http:\/\/www.agust.net\/wordpress\/wp-content\/uploads\/2022\/02\/samruni-2-1-768x1129.jpg 768w\" sizes=\"(max-width: 816px) 100vw, 816px\" \/><\/p>\n<p><img loading=\"lazy\" class=\"aligncenter size-full wp-image-3582\" src=\"http:\/\/www.agust.net\/wordpress\/wp-content\/uploads\/2022\/02\/samruni-3-1.jpg\" alt=\"\" width=\"825\" height=\"1200\" srcset=\"http:\/\/www.agust.net\/wordpress\/wp-content\/uploads\/2022\/02\/samruni-3-1.jpg 825w, http:\/\/www.agust.net\/wordpress\/wp-content\/uploads\/2022\/02\/samruni-3-1-206x300.jpg 206w, http:\/\/www.agust.net\/wordpress\/wp-content\/uploads\/2022\/02\/samruni-3-1-704x1024.jpg 704w, http:\/\/www.agust.net\/wordpress\/wp-content\/uploads\/2022\/02\/samruni-3-1-768x1117.jpg 768w\" sizes=\"(max-width: 825px) 100vw, 825px\" \/><\/p>\n<p><img loading=\"lazy\" class=\"aligncenter size-full wp-image-3583\" src=\"http:\/\/www.agust.net\/wordpress\/wp-content\/uploads\/2022\/02\/samruni-4-1.jpg\" alt=\"\" width=\"767\" height=\"1200\" srcset=\"http:\/\/www.agust.net\/wordpress\/wp-content\/uploads\/2022\/02\/samruni-4-1.jpg 767w, http:\/\/www.agust.net\/wordpress\/wp-content\/uploads\/2022\/02\/samruni-4-1-192x300.jpg 192w, http:\/\/www.agust.net\/wordpress\/wp-content\/uploads\/2022\/02\/samruni-4-1-655x1024.jpg 655w\" sizes=\"(max-width: 767px) 100vw, 767px\" \/><\/p>\n<p>&nbsp;<\/p>\n<p>&nbsp;<\/p>\n<p>\u00cd dag, r\u00famum 75 \u00e1rum eftir a\u00f0 b\u00f3kin kom \u00fat, eru starfr\u00e6kt <a href=\"http:\/\/www.world-nuclear.org\/info\/inf01.html\" rel=\"nofollow\">435 kjarnorkuver<\/a>\u00a0\u00ed 30 l\u00f6ndum, en\u00a0<a href=\"http:\/\/www.wired.com\/science\/discoveries\/news\/2007\/06\/dayintech_0627\" rel=\"nofollow\">fyrsta<\/a>\u00a0kjarnorkuveri\u00f0 sem framleiddi raforku fyrir dreifikerfi\u00f0 var reist \u00e1ri\u00f0 1954. Framlei\u00f0slugeta \u00feeirra er 370.000 megaw\u00f6tt, og framlei\u00f0a \u00feau um 16% af raforku sem notu\u00f0 er \u00ed heiminum. K\u00e1rahnj\u00fakavirkjun er 700 megaw\u00f6tt og jafngildir \u00feetta \u00fev\u00ed um 530 sl\u00edkum virkjunum.<\/p>\n<p>Kjarnorkuver eru keiml\u00edk jar\u00f0gufuvirkjunum, en varminn fr\u00e1 kjarnaofninum er nota\u00f0ur til a\u00f0 framlei\u00f0a gufu sem sn\u00fdr gufuhverflum. \u00cd jar\u00f0gufuvirkjunum myndast gufan \u00ed i\u00f0rum jar\u00f0ar. Hva\u00f0 er \u00fea\u00f0 sem myndar varmann \u00fear? <a href=\"http:\/\/en.wikipedia.org\/wiki\/Geothermal_(geology)\" rel=\"nofollow\">A\u00f0 miklu leyti er \u00fea\u00f0 kjarnorka!<\/a><\/p>\n<p>&nbsp;<\/p>\n","protected":false},"excerpt":{"rendered":"<p>(Upphaflega \u00e1 Moggabloggi 7. september 2008.\u00a0 Uppf\u00e6rt h\u00e9r 20. febr\u00faar 2022). . &nbsp; &nbsp; Fyrir\u00a0 75 \u00e1rum, e\u00f0a \u00e1ri\u00f0 1947,\u00a0 kom \u00fat b\u00f3k \u00e1 \u00edslensku sem nefnist\u00a0Kjarnorka \u00e1 komandi t\u00edmum.\u00a0B\u00f3kin er 216 bla\u00f0s\u00ed\u00f0ur a\u00f0 lengd og merkilega yfirgripsmikil. H\u00f6fundur b\u00f3karinnar er\u00a0David Dietz, sem hlaut Pulitzer ver\u00f0launin \u00e1ri\u00f0 1937, en \u00fe\u00fd\u00f0andi\u00a0\u00c1g\u00fast H. Bjarnason\u00a0(1875-1952) sem var pr\u00f3fessor&hellip;<\/p>\n","protected":false},"author":2,"featured_media":3592,"comment_status":"closed","ping_status":"closed","sticky":false,"template":"","format":"standard","meta":[],"categories":[13,1],"tags":[],"_links":{"self":[{"href":"http:\/\/www.agust.net\/wordpress\/wp-json\/wp\/v2\/posts\/3557"}],"collection":[{"href":"http:\/\/www.agust.net\/wordpress\/wp-json\/wp\/v2\/posts"}],"about":[{"href":"http:\/\/www.agust.net\/wordpress\/wp-json\/wp\/v2\/types\/post"}],"author":[{"embeddable":true,"href":"http:\/\/www.agust.net\/wordpress\/wp-json\/wp\/v2\/users\/2"}],"replies":[{"embeddable":true,"href":"http:\/\/www.agust.net\/wordpress\/wp-json\/wp\/v2\/comments?post=3557"}],"version-history":[{"count":21,"href":"http:\/\/www.agust.net\/wordpress\/wp-json\/wp\/v2\/posts\/3557\/revisions"}],"predecessor-version":[{"id":3885,"href":"http:\/\/www.agust.net\/wordpress\/wp-json\/wp\/v2\/posts\/3557\/revisions\/3885"}],"wp:featuredmedia":[{"embeddable":true,"href":"http:\/\/www.agust.net\/wordpress\/wp-json\/wp\/v2\/media\/3592"}],"wp:attachment":[{"href":"http:\/\/www.agust.net\/wordpress\/wp-json\/wp\/v2\/media?parent=3557"}],"wp:term":[{"taxonomy":"category","embeddable":true,"href":"http:\/\/www.agust.net\/wordpress\/wp-json\/wp\/v2\/categories?post=3557"},{"taxonomy":"post_tag","embeddable":true,"href":"http:\/\/www.agust.net\/wordpress\/wp-json\/wp\/v2\/tags?post=3557"}],"curies":[{"name":"wp","href":"https:\/\/api.w.org\/{rel}","templated":true}]}}