{"id":3741,"date":"2015-01-03T08:52:34","date_gmt":"2015-01-03T08:52:34","guid":{"rendered":"http:\/\/www.agust.net\/wordpress\/?p=3741"},"modified":"2024-10-29T16:11:15","modified_gmt":"2024-10-29T16:11:15","slug":"loftslagsbreytingar-af-voldum-manna-eda-natturu","status":"publish","type":"post","link":"http:\/\/www.agust.net\/wordpress\/2015\/01\/03\/loftslagsbreytingar-af-voldum-manna-eda-natturu\/","title":{"rendered":"Loftslagsbreytingar af v\u00f6ldum manna e\u00f0a n\u00e1tt\u00faru?"},"content":{"rendered":"<h2 style=\"text-align: center;\"><span style=\"color: #800000;\"><em><span style=\"color: #ff0000;\"><span style=\"color: #339966;\">\u00a0&gt;&gt;&gt; Cum Grano Salis &lt;&lt;&lt;<\/span><br \/>\n<\/span><\/em><\/span><\/h2>\n<h6 style=\"text-align: left;\"><span style=\"color: #800000;\"><em><span style=\"color: #ff0000;\"><br \/>\n<\/span><\/em><\/span><span style=\"color: #800000;\"><em><span style=\"color: #ff0000;\">D R \u00d6 G \u00a0 \u00cd \u00a0 V I N N S L U<\/span>\u00a0 \u00a0 &#8211;\u00a0 \u00a0(<strong>Upphaflega 2015<\/strong>, <strong>s\u00ed\u00f0ast breytt<\/strong>\u00a0<b>29\/10\/2024<\/b>).<br \/>\n\u00deessi vefs\u00ed\u00f0a er s\u00edfellt \u00ed vinnslu me\u00f0 n\u00fdju e\u00f0a breyttu efni.<\/em><\/span><\/h6>\n<h3 style=\"text-align: left;\"><span style=\"color: #99cc00;\">(Ne\u00f0anm\u00e1ls eru nokkur vi\u00f0t\u00f6l vi\u00f0, e\u00f0a greinar eftir 8<\/span><br \/>\n<span style=\"color: #99cc00;\">\u00feekkta \u00edslenska ve\u00f0urfr\u00e6\u00f0inga sem birst hafa \u00ed dagbl\u00f6\u00f0um, svo og nokkur myndb\u00f6nd).<\/span><\/h3>\n<p>&nbsp;<\/p>\n<div class=\"cxmmr5t8 oygrvhab hcukyx3x c1et5uql o9v6fnle\">\n<h3 dir=\"auto\"><span style=\"color: #0000ff;\"><img loading=\"lazy\" class=\"aligncenter size-full wp-image-3674\" src=\"http:\/\/www.agust.net\/wordpress\/wp-content\/uploads\/2015\/12\/Spurningin-mikla.png\" alt=\"\" width=\"1280\" height=\"720\" srcset=\"http:\/\/www.agust.net\/wordpress\/wp-content\/uploads\/2015\/12\/Spurningin-mikla.png 1280w, http:\/\/www.agust.net\/wordpress\/wp-content\/uploads\/2015\/12\/Spurningin-mikla-300x169.png 300w, http:\/\/www.agust.net\/wordpress\/wp-content\/uploads\/2015\/12\/Spurningin-mikla-1024x576.png 1024w, http:\/\/www.agust.net\/wordpress\/wp-content\/uploads\/2015\/12\/Spurningin-mikla-768x432.png 768w, http:\/\/www.agust.net\/wordpress\/wp-content\/uploads\/2015\/12\/Spurningin-mikla-460x260.png 460w\" sizes=\"(max-width: 1280px) 100vw, 1280px\" \/><\/span><\/h3>\n<\/div>\n<p><span style=\"color: #808080;\"><em>H\u00f6fundur \u00feessarar vefs\u00ed\u00f0u er \u00c1g\u00fast H. Bjarnason rafmagnsverkfr\u00e6\u00f0ingur. Hann hefur lengi haft \u00e1huga \u00e1 alheiminum og \u00fear me\u00f0 breytilegri virkni s\u00f3lstjarna, \u00fear me\u00f0 tali\u00f0 okkar eigin S\u00f3l. \u00dea\u00f0 m\u00f3ta\u00f0i uppeldi hans a\u00f0 hafa fengi\u00f0 1954, \u00fe\u00e1 9 \u00e1ra, a\u00f0 sj\u00e1 <\/em><em style=\"font-family: 'Helvetica Neue', Helvetica, Arial, sans-serif; font-size: 13px; font-weight: 300;\"><a style=\"color: #808080;\" href=\"https:\/\/agbjarn.blog.is\/blog\/agbjarn\/entry\/1659518\/\">almyrkva \u00e1 s\u00f3l<\/a> fr\u00e1 V\u00edk \u00ed M\u00fdrdal \u00fe<\/em><em style=\"font-size: 13px;\">ar sem hann s\u00e1st einna best. Fyrsta gervihn\u00f6ttinn, <a style=\"color: #808080;\" href=\"https:\/\/agbjarn.blog.is\/blog\/agbjarn\/entry\/328572\/\">Sputnik 1<\/a>, s\u00e1 hann snemma morguns \u00far Nor\u00f0urm\u00fdrinni sk\u00f6mmu eftir a\u00f0 honum var skoti\u00f0 \u00e1 loft. \u00c1 menntask\u00f3la\u00e1runum var hann \u00e1 vegum Almannavarna vi\u00f0staddur 4 <a style=\"color: #808080;\" href=\"http:\/\/www.agust.net\/wordpress\/2021\/07\/26\/geimskot-frakka-a-islandi-1964-og-1965\/\">geimskot franskra v\u00edsindamanna<\/a> 1964 og 1965, og f\u00e9kk a\u00f0 sko\u00f0a t\u00e6ki og b\u00fana\u00f0. \u00c1 \u00e1runum 1964-1969 stunda\u00f0i \u00c1g\u00fast <a style=\"color: #808080;\" href=\"http:\/\/www.agust.net\/wordpress\/2018\/01\/15\/athuganir-a-brautum-gervihnatta-yfir-islandi-fyrir-halfri-old-og-njosnarinn-i-nordurmyrinni\/\">m\u00e6lingar \u00e1 brautum gervihnatta<\/a> fyrir The Royal Astronomical Society. Um svipa\u00f0 leyti s\u00e1 hann um vi\u00f0hald \u00e1 3 m\u00e6lit\u00e6kjum \u00ed <a style=\"color: #808080;\" href=\"http:\/\/cygnus.raunvis.hi.is\/\/~halo\/leirvogur.html\">Segulm\u00e6lingast\u00f6\u00f0inni Leirvogi<\/a>, e\u00f0a svok\u00f6llu\u00f0um RIOMETER (Relative Ionospheric Opacity Meter for Extra-Terrestrial Emissions of Radio noise) sem reknir voru af The National Bureao of Standards, Boulder Colorado o.fl. Sumarstarfsma\u00f0ur \u00e1 H\u00e1loftadeild Raunv\u00edsindastofnunar H\u00e1sk\u00f3la \u00cdslands 1969 og 1970. \u00c1g\u00fast var \u00ed stj\u00f3rn <a style=\"color: #808080;\" href=\"https:\/\/astro.is\/\">Stj\u00f6rnusko\u00f0unarf\u00e9lagsins<\/a> um s\u00ed\u00f0ustu aldam\u00f3t. \u00c1g\u00fast hefur lengi haft \u00e1huga \u00e1 \u00e1hrifum s\u00f3lar \u00e1 j\u00f3nahvolf jar\u00f0ar sem m\u00f3tast af breytingum \u00ed virkni s\u00f3lar, en \u00feessar breytingar hafa veruleg \u00e1hrif \u00e1 \u00fatbrei\u00f0slu rad\u00ed\u00f3bylgna \u00e1 stuttbylgjusvi\u00f0inu. \u00cd starfi sem rafmagnsverkfr\u00e6\u00f0ingur hefur \u00c1g\u00fast komi\u00f0 a\u00f0 h\u00f6nnun stj\u00f3rn- og g\u00e6slukerfa allra virkjana \u00e1 Su\u00f0urnesjum og hefur mikla reynslu af m\u00e6lit\u00e6kni og mati \u00e1 skekkjuv\u00f6ldum, og \u00fear me\u00f0 mati \u00e1 m\u00e6li\u00f3vissu.<\/em><\/span><\/p>\n<p><span style=\"color: #808080;\"><em>Allt \u00feetta hefur vafal\u00edti\u00f0 beint sj\u00f3num h\u00f6fundar a\u00f0 m\u00f6gulegum \u00e1hrifum n\u00e1tt\u00farulegra breytinga \u00e1 ve\u00f0urfar jar\u00f0ar, n\u00fa sem \u00e1 \u00f6ldum \u00e1\u00f0ur.<\/em><\/span><\/p>\n<p>&nbsp;<\/p>\n<h2 style=\"text-align: center;\">&#8212; &#8212; &#8212;<\/h2>\n<p>&nbsp;<\/p>\n<p>&nbsp;<\/p>\n<p><strong><span style=\"color: #000080;\"><br \/>\n0. Inngangur<\/span><\/strong><\/p>\n<p><span style=\"color: #000080;\"><strong>1. Hitafar fr\u00e1 s\u00ed\u00f0ustu \u00eds\u00f6ld fyrir um 11.000 \u00e1rum<\/strong><\/span><\/p>\n<p><span style=\"color: #000080;\"><strong>2. Breytingar s\u00ed\u00f0an \u00cdsland var numi\u00f0<\/strong><\/span><\/p>\n<p><span style=\"color: #000080;\"><strong>3. Hl\u00fdnun s\u00ed\u00f0astli\u00f0in 150 \u00e1r fr\u00e1 Litlu \u00eds\u00f6ldinni<\/strong><\/span><\/p>\n<p><span style=\"color: #000080;\"><strong>4. Hl\u00fdnun undanfarinna \u00e1ra<\/strong><\/span><\/p>\n<p><span style=\"color: #000080;\"><strong>5. \u00c1st\u00e6\u00f0ur loftslagsbreytinga og hva\u00f0 er \u00feetta \u00abeitthva\u00f0\u00bb sem minnst var \u00e1 \u00ed innganginum?<\/strong><\/span><\/p>\n<p><span style=\"color: #000080;\"><strong>6. \u00c1hrif aukningar CO2<\/strong><\/span><\/p>\n<p><span style=\"color: #000080;\"><strong>7. Samantekt<\/strong><\/span><\/p>\n<p><span style=\"color: #000080;\"><strong>8. Vi\u00f0auki <\/strong>(\u00deekktir \u00edslenskir ve\u00f0urfr\u00e6\u00f0ingar og v\u00edsindamenn hafa or\u00f0i\u00f0)<\/span><\/p>\n<p>&nbsp;<\/p>\n<h2><span style=\"color: #0000ff;\"><strong>0. Inngangur<\/strong><\/span><\/h2>\n<h3><span style=\"color: #000000;\">1) Reglubundnar m\u00e6lingar \u00e1 lofthita h\u00f3fust um 1860. S\u00ed\u00f0an hefur hl\u00fdna\u00f0 um \u00fev\u00ed sem n\u00e6st 1,0 gr\u00e1\u00f0u Celcius a\u00f0 me\u00f0altali, sums sta\u00f0ar minna og sums sta\u00f0ar meira.\u00a0 \u00dea\u00f0 er almennt vi\u00f0urkennt og ver\u00f0ur ekki \u00e1 m\u00f3ti m\u00e6lt. \u00cd upphafi m\u00e6linga og jafnvel til 1920 st\u00f3\u00f0 yfir kuldat\u00edmabili\u00f0 sem vi\u00f0 k\u00f6llum &#8220;Litlu \u00eds\u00f6ldina&#8221;.<\/span><\/h3>\n<h3><span style=\"color: #000000;\">2) Styrkur koltv\u00eds\u00fdrings \u00ed andr\u00famloftinu hefur veri\u00f0 m\u00e6ldur reglubundi\u00f0 fr\u00e1 1958 og hefur styrkur hans aukist fr\u00e1 316 til 410 ppm, e\u00f0a fr\u00e1 0,032% til 0,041% \u00e1 t\u00edmabilinu, sem jafngildir 1 sameind af 10.000 sameindum loftsins. \u00dea\u00f0 er sta\u00f0reynd sem ekki ver\u00f0ur \u00e1 m\u00f3ti m\u00e6lt.\u00a0<\/span><\/h3>\n<h3><span style=\"color: #000000;\">3) Skrifast \u00f6ll h\u00e6kkun me\u00f0alhita jar\u00f0ar (~1\u00b0C) fr\u00e1 s\u00ed\u00f0ustu \u00e1ratugum Litlu \u00edsaldarinnar \u00e1 aukningu koltv\u00eds\u00fdrings \u00ed andr\u00famsloftinu, e\u00f0a skrifast hluti h\u00e6kkunarinnar \u00e1 n\u00e1tt\u00farulegar sveiflur? Ef svo er, a\u00f0 hve miklu leyti? Um \u00feetta eru menn ekki samm\u00e1la og svokalla\u00f0ir efasemdarmenn telja a\u00f0 \u00e1hrif n\u00e1tt\u00farunnar hafi veri\u00f0 vanmetin.<\/span><\/h3>\n<p>&nbsp;<\/p>\n<p><strong><span style=\"color: #0000ff;\">Pistillinn fjallar um li\u00f0 3), enda flestir samm\u00e1la um li\u00f0i 1) og 2).<\/span><\/strong><\/p>\n<p>\u00cd lok pistilsins er \u00e1lit \u00feess er er \u00feennan pistil ritar, og \u00fear fyrir ne\u00f0an nokkrar bla\u00f0a\u00farklippur \u00fear sem sj\u00f3narmi\u00f0 nokkurra \u00edslenskra v\u00edsindamanna koma fram. Einnig m\u00e1 v\u00edsa \u00e1 pistil \u00fear sem fram kemur \u00e1lit pistilsh\u00f6fundar allt fr\u00e1 \u00e1rinu 1998, sj\u00e1 <a href=\"http:\/\/www.agust.net\/wordpress\/2018\/01\/14\/er-thad-hros-ad-vera-kalladur-efasemdarmadur\/\">h\u00e9r<\/a>.<\/p>\n<p><em><strong>&#8230; En n\u00f3g um \u00fea\u00f0.\u00a0 \u00a0Sn\u00faum okkur a\u00f0 efninu sem fjallar um \u00e1hrif koltv\u00eds\u00fdrings og n\u00e1tt\u00farulegra sveiflna \u00e1 hitafar jar\u00f0ar. Ne\u00f0anm\u00e1ls eru nokkrar \u00farklippur me\u00f0 umm\u00e6lum \u00edslenskra ve\u00f0urfr\u00e6\u00f0inga.<\/strong><\/em><\/p>\n<p>&nbsp;<\/p>\n<div id=\"attachment_2084\" style=\"width: 760px\" class=\"wp-caption aligncenter\"><img aria-describedby=\"caption-attachment-2084\" loading=\"lazy\" class=\"size-full wp-image-2084\" src=\"http:\/\/www.agust.net\/wordpress\/wp-content\/uploads\/2018\/11\/Schematic-of-the-Climate-System-as-represented-in-Atmosphere-Ocean-Global-Circulation.jpg\" alt=\"\" width=\"750\" height=\"511\" srcset=\"http:\/\/www.agust.net\/wordpress\/wp-content\/uploads\/2018\/11\/Schematic-of-the-Climate-System-as-represented-in-Atmosphere-Ocean-Global-Circulation.jpg 750w, http:\/\/www.agust.net\/wordpress\/wp-content\/uploads\/2018\/11\/Schematic-of-the-Climate-System-as-represented-in-Atmosphere-Ocean-Global-Circulation-300x204.jpg 300w\" sizes=\"(max-width: 750px) 100vw, 750px\" \/><p id=\"caption-attachment-2084\" class=\"wp-caption-text\"><span style=\"color: #000000;\">Mynd 0: Loftslagskerfi\u00f0 er gr\u00ed\u00f0arlega fl\u00f3ki\u00f0 samspil margra \u00fe\u00e1tta. Styrkur koltv\u00eds\u00fdrings er einn \u00feessara \u00fe\u00e1tta, en l\u00edtill \u00ed samanbur\u00f0i vi\u00f0 a\u00f0ra eins og \u00feessi mynd minnir okkur \u00e1.\u00a0 \u00a0Hin almenna sk\u00fdring \u00e1 hl\u00fdnun lofthj\u00fapsins af v\u00f6ldum koltv\u00edsyrings er allt of mikil einf\u00f6ldun. M\u00e1li\u00f0 er fl\u00f3knara en \u00fea\u00f0.\u00a0 \u00a0\u00dea\u00f0 er ekki \u00far vegi a\u00f0 v\u00edsa h\u00e9r \u00e1 erindi sem Dr. Richard Lindz\u00e9n pr\u00f3fessor emeritus vi\u00f0 MIT h\u00e9lt fyrir sk\u00f6mmu og nefnist: <a href=\"http:\/\/www.agust.net\/wordpress\/2018\/12\/03\/professor-richard-lindzen-loftslagsfraedingur-og-samfelagsvandamalid-mikla\/\">Global Warming for the two Cultures<\/a>.<\/span><\/p><\/div>\n<p>&nbsp;<\/p>\n<p>&nbsp;<\/p>\n<p><span style=\"color: #008000;\"><em><strong>Umr\u00e6\u00f0ur um losun koltv\u00eds\u00fdrings (kols\u00fdru &#8211; CO<sub>2<\/sub>) af mannav\u00f6ldum hafa vaki\u00f0 \u00e1huga margra \u00e1 a\u00f0 kynna s\u00e9r \u00e1st\u00e6\u00f0ur ve\u00f0urfarsbreytinga \u00ed n\u00fat\u00ed\u00f0 og fort\u00ed\u00f0. Miklar breytingar \u00e1 ve\u00f0urfari hafa or\u00f0i\u00f0 a\u00f0 \u00fev\u00ed er vir\u00f0ist &#8220;af sj\u00e1lfu s\u00e9r&#8221; s\u00e9 liti\u00f0 hundru\u00f0 e\u00f0a \u00fe\u00fasundir \u00e1ra aftur \u00ed t\u00edmann. \u00a0Au\u00f0vita\u00f0 gerist sl\u00edkt ekki af sj\u00e1lfu s\u00e9r, eitthva\u00f0 hl\u00fdtur a\u00f0 koma ferlinu af sta\u00f0. Getur veri\u00f0 a\u00f0 \u00feetta &#8220;eitthva\u00f0&#8221; s\u00e9 einnig a\u00f0 hafa \u00e1hrif \u00e1 ve\u00f0ri\u00f0 \u00e1 \u00feessari \u00f6ld?\u00a0 Hva\u00f0 er \u00feetta &#8220;eitthva\u00f0&#8221;? \u00a0Getum vi\u00f0 b\u00faist vi\u00f0 a\u00f0 \u00fea\u00f0 muni haga s\u00e9r \u00e1 sama h\u00e1tt og \u00fea\u00f0 hefur gert oft \u00e1\u00f0ur, \u00fe.e. komi\u00f0, staldra\u00f0 vi\u00f0 og horfi\u00f0 s\u00ed\u00f0an \u00e1 braut? \u00a0\u00a0Um \u00fea\u00f0 fjallar \u00feessi grein.<\/strong><\/em><\/span><\/p>\n<p><span style=\"color: #008000;\">\u00c1\u00f0ur en vi\u00f0 fj\u00f6llum um \u00feetta dularfulla &#8220;eitthva\u00f0&#8221; er r\u00e9tt a\u00f0 sko\u00f0a n\u00e1nar hva\u00f0 hefur veri\u00f0 \u00e1 sey\u00f0i undanfarin \u00e1r\u00fe\u00fasund og jafnvel enn \u00ed dag.<\/span><\/p>\n<p>&nbsp;<\/p>\n<h2><span style=\"color: #0000ff;\"><strong>1. Hitafar fr\u00e1 s\u00ed\u00f0ustu \u00eds\u00f6ld fyrir um 11.000 \u00e1rum<\/strong><\/span><\/h2>\n<p><strong>Mynd 1a<\/strong> s\u00fdnir ni\u00f0urst\u00f6\u00f0ur m\u00e6linga \u00e1 \u00edskj\u00f6rnum fengnum \u00far r\u00famlega 3000 metra dj\u00fapri holu sem boru\u00f0 var \u00ed Gr\u00e6nlandsj\u00f6kul. Me\u00f0 ranns\u00f3knum \u00e1 magni samst\u00e6tna s\u00farefnis (oxygen isotopes) hefur veri\u00f0 h\u00e6gt a\u00f0 \u00e1\u00e6tla hitastig \u00e1 yfirbor\u00f0i j\u00f6kulsins \u00fe\u00fasundir \u00e1ra aftur \u00ed t\u00edma. \u00deessi ferill n\u00e6r yfir 11.000 \u00e1r, \u00fe.e. aftur til loka \u00edsaldar \u00feegar \u00feykk \u00edshella \u00feakti st\u00f3ran hluta jar\u00f0ar.<\/p>\n<p>Ferillinn n\u00e6r \u00fe\u00f3 af m\u00e6lit\u00e6knilegum \u00e1st\u00e6\u00f0um a\u00f0eins til \u00e1rsins 1854, en hefur veri\u00f0 mj\u00f6g lauslega framlengdur til dagsins \u00ed dag me\u00f0 striku\u00f0u l\u00ednunni lengst til h\u00e6gri. Um lengdina \u00e1 rau\u00f0a strikinu m\u00e1 deila, en hafa ver\u00f0ur \u00ed huga a\u00f0 upplausn bl\u00e1a ferilsins er a\u00f0eins \u00ed besta falli 10 \u00e1r, en beinna hitam\u00e6linga undanfarna h\u00e1lfa a\u00f0ra \u00f6ld er 1 \u00e1r.\u00a0 \u00dev\u00ed ver\u00f0um vi\u00f0 a\u00f0 mi\u00f0a lengd striksins vi\u00f0 10 \u00e1ra me\u00f0altal hitam\u00e6linga, \u00feannig a\u00f0 \u00fea\u00f0 ver\u00f0ur v\u00e6ntanlegra styttra en ef mi\u00f0a\u00f0 v\u00e6ri vi\u00f0 1 \u00e1rs upplausn.<\/p>\n<p>Sv\u00e6\u00f0in sem merkt eru me\u00f0 gr\u00e6nu eru s\u00e9rlega \u00e1hugaver\u00f0.\u00a0 Lengst til h\u00e6gri eru hl\u00fdindin sem glatt hafa okkur undanfarna \u00e1ratugi og kallast <strong>Modern Warm Period<\/strong>. Fyrir um 1000 \u00e1rum var anna\u00f0 hl\u00fdskei\u00f0 sem st\u00f3\u00f0 nokkra \u00e1ratugi og kallast <strong>Medieval Warm Period<\/strong>. \u00de\u00e1 var jafnvel enn hl\u00fdrra en \u00ed dag. A\u00f0 minnsta kosti \u00e1l\u00edka hl\u00fdtt.\u00a0 Fyrir 2000 \u00e1rum, me\u00f0an \u00e1 <strong>Roman Warm Period <\/strong>st\u00f3\u00f0, var svo enn hl\u00fdrra og mun hl\u00fdrra var fyrir r\u00famum 3000 \u00e1rum \u00e1 t\u00edmabili sem kalla\u00f0 er <strong><a href=\"https:\/\/www.britannica.com\/topic\/Minoan-civilization\">Minoan<\/a> Warm Period<\/strong>.\u00a0 Hva\u00f0 veldur \u00feessum \u00e1ratugal\u00f6ngu hl\u00fdskei\u00f0um sem hafa komi\u00f0 reglulega me\u00f0 um 1000 \u00e1ra millibili? Vi\u00f0 getum skyggnst lengra aftur \u00ed t\u00edma og sj\u00e1um a\u00f0 fyrir 7000 og 8000 \u00e1rum var lang hl\u00fdjast fr\u00e1 \u00fev\u00ed er \u00eds\u00f6ld lauk. <strong>Holocene Climate Optimum<\/strong> kallast s\u00e1 t\u00edmi.<\/p>\n<div id=\"attachment_550\" style=\"width: 889px\" class=\"wp-caption aligncenter\"><img aria-describedby=\"caption-attachment-550\" loading=\"lazy\" class=\"size-full wp-image-550\" src=\"http:\/\/www.agust.net\/wordpress\/wp-content\/uploads\/2015\/08\/gisp220temperature-B.gif\" alt=\"Mynd 1: Ni\u00f0urst\u00f6\u00f0ur m\u00e6linga \u00e1 \u00edskj\u00f6rnum fengnum \u00far r\u00famlega 3000 metra dj\u00fapri holu sem boru\u00f0 var \u00ed Gr\u00e6nlandsj\u00f6kul. Skammvinn hl\u00fdskei\u00f0 eru s\u00fdnd me\u00f0 gr\u00e6nu. \" width=\"879\" height=\"494\" \/><p id=\"caption-attachment-550\" class=\"wp-caption-text\"><span style=\"color: #000000;\">Mynd 1a: Ni\u00f0urst\u00f6\u00f0ur m\u00e6linga \u00e1 \u00edskj\u00f6rnum fengnum \u00far r\u00famlega 3000 metra dj\u00fapri holu sem boru\u00f0 var \u00ed Gr\u00e6nlandsj\u00f6kul. Skammvinn hl\u00fdskei\u00f0 eru s\u00fdnd me\u00f0 gr\u00e6nu. Myndin er upphaflega fr\u00e1 vefs\u00ed\u00f0u Dr. Ole Humlum pr\u00f3fessors emeritus,\u00a0<a style=\"color: #000000;\" href=\"http:\/\/climate4you.com\/\">climate4you.com<\/a>, undirs\u00ed\u00f0a <em>Global temperature<\/em>. Rau\u00f0a strikinu hefur veri\u00f0 b\u00e6tt vi\u00f0. Mikilv\u00e6gt er a\u00f0 sko\u00f0a sk\u00fdringar Ole Humlum vi\u00f0 myndina\u00a0<a style=\"color: #000000;\" href=\"http:\/\/climate4you.com\/GlobalTemperatures.htm\">h\u00e9r<\/a>. Hafa ver\u00f0ur \u00ed huga a\u00f0 upplausn ferilsins h\u00e9r fyrir ofan er \u00ed besta falli 10 \u00e1r, en hitaferlar m\u00e6linga undanfarinna \u00e1ratuga eru me\u00f0 eins \u00e1rs upplausn. Einst\u00f6k \u00f3venju hl\u00fd e\u00f0a k\u00f6ld \u00e1r sj\u00e1st \u00fev\u00ed ekki \u00e1 \u00feessum ferli.<\/span><\/p><\/div>\n<p>&nbsp;<\/p>\n<p>&nbsp;<\/p>\n<div id=\"attachment_2183\" style=\"width: 822px\" class=\"wp-caption aligncenter\"><img aria-describedby=\"caption-attachment-2183\" loading=\"lazy\" class=\"size-full wp-image-2183\" src=\"http:\/\/www.agust.net\/wordpress\/wp-content\/uploads\/2015\/12\/Hitafar-GISP.jpg\" alt=\"\" width=\"812\" height=\"451\" srcset=\"http:\/\/www.agust.net\/wordpress\/wp-content\/uploads\/2015\/12\/Hitafar-GISP.jpg 812w, http:\/\/www.agust.net\/wordpress\/wp-content\/uploads\/2015\/12\/Hitafar-GISP-300x167.jpg 300w, http:\/\/www.agust.net\/wordpress\/wp-content\/uploads\/2015\/12\/Hitafar-GISP-768x427.jpg 768w\" sizes=\"(max-width: 812px) 100vw, 812px\" \/><p id=\"caption-attachment-2183\" class=\"wp-caption-text\"><span style=\"color: #000000;\">Mynd 1b: Anna\u00f0 sj\u00f3narhorn \u00e1 ni\u00f0urst\u00f6\u00f0urnar fr\u00e1 Gr\u00e6nlandsj\u00f6kli. H\u00e9r n\u00e6r t\u00edmabili\u00f0 yfir 4.000 \u00e1r, en \u00e1 fyrri myndinni 11.000 \u00e1r. Ferillinn n\u00e6r \u00fev\u00ed sem n\u00e6st til \u00e1rsins 1950.\u00a0 \u00a0H\u00e9r er l\u00f3\u00f0r\u00e9tti \u00e1sinn vinstra megin kvar\u00f0a\u00f0ur sem fr\u00e1vik s\u00farefnis-18 sams\u00e6tna, en sem yfirbor\u00f0shiti \u00e1 toppi j\u00f6kulsins \u00e1 fyrri myndinni.<\/span><\/p><\/div>\n<p>&nbsp;<\/p>\n<p><strong>\u00c1leitnar spurningar vakna \u00feegar horft er \u00e1 \u00feessa mynd. <\/strong>Hl\u00fdindin fyrir 1000, 2000, 3000, o.fl. \u00e1rum voru \u00f6rugglega ekki af mannav\u00f6ldum. \u00deetta voru heitari t\u00edmabil en vi\u00f0 upplifum n\u00fa. Hvernig getum vi\u00f0 veri\u00f0 viss um a\u00f0 hl\u00fdindin n\u00fa stafi a\u00f0 mestu leyti af heg\u00f0un okkar? Getur ekki veri\u00f0 a\u00f0 n\u00faverandi g\u00f3\u00f0\u00e6ri \u00ed ve\u00f0urfari undanfari\u00f0 stafi af s\u00f6mu ors\u00f6kum og oft \u00e1\u00f0ur? Er ekki full \u00e1st\u00e6\u00f0a til a\u00f0 velta fyrir s\u00e9r hva\u00f0a n\u00e1tt\u00farulegu \u00e1st\u00e6\u00f0ur hafi valdi\u00f0 \u00feessum hitasveiflum \u00e1 undanf\u00f6rnum \u00e1r\u00fe\u00fasundum og hvort a\u00f0 n\u00e1tt\u00faran s\u00e9 ekki enn a\u00f0 verki?<\/p>\n<p>Minni okkar er stutt, og sj\u00e1lf skynjum vi\u00f0 ekki nema nokkra \u00e1ratugi til baka. Ef til vill er \u00fea\u00f0 \u00feess vegna sem menn hafa einbl\u00ednt \u00e1 gr\u00f3\u00f0urh\u00fasa\u00e1hrif vegna aukningar koltv\u00eds\u00fdrings \u00ed andr\u00famsloftinu. \u00deessi kenning hefur veri\u00f0 mj\u00f6g vins\u00e6l, \u00fea\u00f0 vins\u00e6l a\u00f0 ekki hefur veri\u00f0 hlusta\u00f0 n\u00e6gilega vel \u00e1 gagnr\u00fdni sem komi\u00f0 hefur fram fr\u00e1 virtum v\u00edsindam\u00f6nnum \u00ed loftslagsfr\u00e6\u00f0um og stjarne\u00f0lisfr\u00e6\u00f0i sem telja a\u00f0 n\u00e1tt\u00faran eigi st\u00f3ran \u00fe\u00e1tt \u00ed breytingum, n\u00fa sem \u00e1 \u00f6ldum \u00e1\u00f0ur.<\/p>\n<p>&nbsp;<\/p>\n<p>&nbsp;<\/p>\n<h2><span style=\"color: #0000ff;\"><strong>2. Breytingar s\u00ed\u00f0an \u00cdsland var numi\u00f0<\/strong><\/span><\/h2>\n<div id=\"attachment_1349\" style=\"width: 378px\" class=\"wp-caption alignleft\"><img aria-describedby=\"caption-attachment-1349\" loading=\"lazy\" class=\" wp-image-1349\" src=\"http:\/\/www.agust.net\/wordpress\/wp-content\/uploads\/2015\/12\/IMG_3253-2.jpg\" alt=\"\" width=\"372\" height=\"725\" \/><p id=\"caption-attachment-1349\" class=\"wp-caption-text\"><span style=\"color: #000000;\">Mynd 2a:\u00a0 \u00cdsland fyrir um \u00e1r\u00fe\u00fasundi&#8230;<\/span><br \/><span style=\"color: #000000;\">\u00dar b\u00f3kinni J\u00f6klar \u00e1 \u00cdslandi, eftir Dr. Helga Bj\u00f6rnsson, 2009.<\/span><\/p><\/div>\n<p>\u00cd gl\u00e6silegri b\u00f3k Dr. Helga Bj\u00f6rnssonar j\u00f6klafr\u00e6\u00f0ings, <a href=\"https:\/\/www.forlagid.is\/vara\/joklar-a-islandi\/\"><strong>J\u00f6klar \u00e1 \u00cdslandi<\/strong><\/a>, sem kom \u00fat \u00e1ri\u00f0 2009, er mikill fr\u00f3\u00f0leikur um breytingar sem \u00e1tt hafa s\u00e9r sta\u00f0 \u00e1 \u00cdslandi. \u00a0B\u00f3kin fjallar, eins og nafni\u00f0 bendir til, fyrst og fremst um j\u00f6kla, en st\u00e6r\u00f0 \u00feeirra r\u00e6\u00f0st \u00ed a\u00f0alatri\u00f0um af \u00e1ratuga l\u00f6ngu \u00e1rfer\u00f0i. \u00a0\u00dea\u00f0 er \u00fev\u00ed \u00f3rofa samband milli hitafarsins og st\u00e6r\u00f0ar j\u00f6klanna. \u00deegar mildir \u00e1ratugir koma dragast \u00feeir saman, en ganga fram \u00e1\u00a0k\u00f6ldum \u00e1ratugum.<\/p>\n<p><strong>Loftslag og j\u00f6klar \u00e1 s\u00ed\u00f0asta \u00e1r\u00fe\u00fasundi,<\/strong> er fyrirs\u00f6gn kafla \u00ed b\u00f3kinni sem <strong><em>Mynd 2a<\/em><\/strong>\u00a0 til hli\u00f0ar hefur veri\u00f0 fengin a\u00f0 l\u00e1ni \u00far. \u00dear kemur fram a\u00f0 loftslag hafi veri\u00f0 milt \u00e1 fyrstu \u00e1rum \u00cdslandbygg\u00f0ar, landi\u00f0 veri\u00f0 a\u00f0 miklu leyti gr\u00f3i\u00f0 og helmingur sk\u00f3gi vaxinn. Haf\u00eds\u00e1r sjaldg\u00e6f og j\u00f6klar minni en \u00ed dag. Mikil umfer\u00f0 hafi veri\u00f0 um h\u00e1lendi\u00f0 \u00e1 \u00feessum t\u00edma.<\/p>\n<p><strong>Mynd 2b<\/strong> h\u00e9r fyrir ne\u00f0an me\u00f0 fyrirs\u00f6gninni <strong>Hl\u00fdtt var \u00e1 \u00cdslandi \u00e1 landn\u00e1ms- og \u00fej\u00f3\u00f0veldis\u00f6ld<\/strong> tengir saman breytingar \u00e1 hitastigi \u00e1 Gr\u00e6nlandsj\u00f6kli\u00a0(svartur ferill) og samsvarandi breytingar \u00e1 \u00cdslandi (hv\u00edtur ferill). Sj\u00e1 n\u00e1nar \u00ed sk\u00fdringum er fylgja myndinni.<\/p>\n<p>\u00deessi milda ve\u00f0r\u00e1tta st\u00f3\u00f0 til um 1200, en \u00fe\u00e1 f\u00f3r a\u00f0 k\u00f3lna. Hin svokalla\u00f0a Litla \u00eds\u00f6ld t\u00f3k vi\u00f0 og st\u00f3\u00f0 allt til \u00e1rsins 1900, e\u00f0a svo. J\u00f6klar gengu fram, haf\u00eds vi\u00f0 landi\u00f0 var\u00f0 stundum \u00e1rviss, gr\u00f3\u00f0ri hraka\u00f0i, hungur og vosb\u00fa\u00f0 hrj\u00e1\u00f0i f\u00f3lk og f\u00e9na\u00f0. Um 1920 f\u00f3r aftur a\u00f0 hl\u00fdna og stendur s\u00fa hl\u00fdnun enn yfir.<\/p>\n<p>Hvers vegna var hl\u00fdna\u00f0i svona fyrir \u00e1r\u00fe\u00fasundi? Hvers vegna k\u00f3lna\u00f0i aftur \u00e1 t\u00edmum Litlu \u00cdsaldar, og hvers vegna t\u00f3k aftur a\u00f0 hl\u00fdna \u00ed byrjun 20. aldar?<\/p>\n<p>\u00deetta eru spurningar sem brenna \u00e1 v\u00f6rum \u00feeirra sem forvitnir eru og l\u00e1ta ekki einfaldar \u00fatsk\u00fdringar n\u00e6gja.<\/p>\n<p>&nbsp;<\/p>\n<p>&nbsp;<\/p>\n<div id=\"attachment_1350\" style=\"width: 3446px\" class=\"wp-caption aligncenter\"><img aria-describedby=\"caption-attachment-1350\" loading=\"lazy\" class=\"size-full wp-image-1350\" src=\"http:\/\/www.agust.net\/wordpress\/wp-content\/uploads\/2015\/12\/IMG_3252-3.jpg\" alt=\"\" width=\"3436\" height=\"2422\" srcset=\"http:\/\/www.agust.net\/wordpress\/wp-content\/uploads\/2015\/12\/IMG_3252-3.jpg 3436w, http:\/\/www.agust.net\/wordpress\/wp-content\/uploads\/2015\/12\/IMG_3252-3-300x211.jpg 300w, http:\/\/www.agust.net\/wordpress\/wp-content\/uploads\/2015\/12\/IMG_3252-3-768x541.jpg 768w, http:\/\/www.agust.net\/wordpress\/wp-content\/uploads\/2015\/12\/IMG_3252-3-1024x722.jpg 1024w\" sizes=\"(max-width: 3436px) 100vw, 3436px\" \/><p id=\"caption-attachment-1350\" class=\"wp-caption-text\"><span style=\"color: #000000;\">Mynd 2b: \u00cdsland fyrir um \u00e1r\u00fe\u00fasundi&#8230;<\/span><br \/><span style=\"color: #000000;\">\u00dar b\u00f3kinni J\u00f6klar \u00e1 \u00cdslandi, eftir Dr. Helga Bj\u00f6rnsson, 2009.<\/span><\/p><\/div>\n<p>&nbsp;<\/p>\n<p>N\u00fa er ekki \u00far vegi a\u00f0 staldra vi\u00f0 og vitna \u00ed <a href=\"http:\/\/www.visindavefur.is\/svar.php?id=6949\">Konungs Skuggsj\u00e1<\/a>. \u00a0 \u00dear m\u00e1 lesa me\u00f0al annars:<\/p>\n<h3 style=\"text-align: center;\"><span style=\"color: #008000;\">&#8220;&#8230;En annar hlutur er forvitni, \u00fev\u00ed a\u00f0 \u00fea\u00f0 er mannsins n\u00e1tt\u00fara<\/span><br \/>\n<span style=\"color: #008000;\"> a\u00f0 forvitna og sj\u00e1 \u00fe\u00e1 hluti, er honum eru sag\u00f0ir, og vita, hvort svo er, sem<\/span><br \/>\n<span style=\"color: #008000;\"> honum var sagt, e\u00f0a eigi&#8221;.<\/span><\/h3>\n<p>Vonandi er lesandinn forvitinn og k\u00fds a\u00f0 fylgja lei\u00f0s\u00f6gumanni lengra \u00e1lei\u00f0is&#8230;<\/p>\n<p>&nbsp;<\/p>\n<p><strong>Breytingar \u00ed ve\u00f0urfari \u00e1 s\u00ed\u00f0ustu \u00f6ldum eru vel \u00feekktar.<\/strong> Sj\u00e1 <strong>mynd 2d<\/strong>. Myndin er bygg\u00f0 \u00e1 ranns\u00f3knum Dr. Craig Loehle. \u00c1 landn\u00e1ms\u00f6ld var jafnvel hl\u00fdrra \u00e1 j\u00f6r\u00f0inni en \u00ed dag, \u00cdsland var \u00fe\u00e1 vi\u00f0i vaxi\u00f0 milli fjalls og fj\u00f6ru og v\u00ednvi\u00f0ur \u00f3x jafnvel \u00ed Englandi. \u00de\u00e1 voru hinir miklu landafundir norr\u00e6nna manna, sem ekki v\u00edlu\u00f0u fyrir s\u00e9r a\u00f0 sigla \u00ed opnum b\u00e1tum landa og heims\u00e1lfa \u00e1 milli. Leifur heppni Eir\u00edksson fann V\u00ednland \u00fear sem v\u00ednvi\u00f0ur \u00f3x. Eir\u00edkur rau\u00f0i stofna\u00f0i bygg\u00f0 \u00ed Gr\u00e6nlandi \u00e1ri\u00f0 985 er hann sigldi me\u00f0 25 skip \u00cdslendinga \u00feanga\u00f0. Fundist hafa merki um <a href=\"https:\/\/agbjarn.blog.is\/blog\/agbjarn\/entry\/1219972\/\">r\u00e6ktun korns<\/a> \u00fear og <a href=\"https:\/\/videnskab.dk\/kultur-samfund\/vikingerne-dyrkede-korn-pa-gronland\">\u00f6lger\u00f0<\/a> \u00feessara norr\u00e6nu manna.<\/p>\n<p>Samkv\u00e6mt ranns\u00f3knum var haf\u00eds vi\u00f0 strendur landsins l\u00edtill \u00e1 fyrstu \u00e1rum \u00cdslandsbygg\u00f0ar, Fer s\u00ed\u00f0an a\u00f0 aukast eftir 1200 og s\u00ed\u00f0an verulega eftir 1600 og fram \u00e1 s\u00ed\u00f0ustu \u00f6ld. Hvernig stendur \u00e1 \u00feessum breytingum \u00ed haf\u00edsnum, landsins forna fjanda? Sj\u00e1 mynd 2c.<\/p>\n<div id=\"attachment_2179\" style=\"width: 646px\" class=\"wp-caption aligncenter\"><img aria-describedby=\"caption-attachment-2179\" loading=\"lazy\" class=\"size-full wp-image-2179\" src=\"http:\/\/www.agust.net\/wordpress\/wp-content\/uploads\/2015\/12\/HH-Lamb-sea-ice.jpg\" alt=\"\" width=\"640\" height=\"365\" srcset=\"http:\/\/www.agust.net\/wordpress\/wp-content\/uploads\/2015\/12\/HH-Lamb-sea-ice.jpg 640w, http:\/\/www.agust.net\/wordpress\/wp-content\/uploads\/2015\/12\/HH-Lamb-sea-ice-300x171.jpg 300w, http:\/\/www.agust.net\/wordpress\/wp-content\/uploads\/2015\/12\/HH-Lamb-sea-ice-220x126.jpg 220w\" sizes=\"(max-width: 640px) 100vw, 640px\" \/><p id=\"caption-attachment-2179\" class=\"wp-caption-text\"><span style=\"color: #000000;\">Mynd 2c: Haf\u00eds vi\u00f0 \u00cdsland fr\u00e1 \u00fev\u00ed er landi\u00f0 bygg\u00f0ist. \u00dar b\u00f3kinni \u201cClimate, History and The Modern World\u201d eftir HH Lamb.<\/span><\/p><\/div>\n<p>&nbsp;<\/p>\n<p>Eftir um 1200 f\u00f3r heimurinn a\u00f0 k\u00f3lna. \u00de\u00e1 gekk \u00ed gar\u00f0 langt t\u00edmabil sem menn hafa nefnt &#8220;Litlu \u00eds\u00f6ldina&#8221;. Mikil har\u00f0indi ur\u00f0u \u00e1 \u00cdslandi, bygg\u00f0 norr\u00e6nna manna \u00ed Gr\u00e6nlandi lei\u00f0 undir lok og kuldinn var \u00fea\u00f0 mikill \u00ed Englandi a\u00f0 Thames lag\u00f0i sum \u00e1rin \u00e1 vetrum. \u00c1hrifa litlu \u00edsaldarinnar g\u00e6tti um allan heim n\u00e6stu aldirnar.<\/p>\n<div id=\"attachment_1395\" style=\"width: 1610px\" class=\"wp-caption aligncenter\"><img aria-describedby=\"caption-attachment-1395\" loading=\"lazy\" class=\"size-full wp-image-1395\" src=\"http:\/\/www.agust.net\/wordpress\/wp-content\/uploads\/2015\/11\/hitafar-jardar-2000-ar_876926-2.png\" alt=\"\" width=\"1600\" height=\"634\" srcset=\"http:\/\/www.agust.net\/wordpress\/wp-content\/uploads\/2015\/11\/hitafar-jardar-2000-ar_876926-2.png 1600w, http:\/\/www.agust.net\/wordpress\/wp-content\/uploads\/2015\/11\/hitafar-jardar-2000-ar_876926-2-300x119.png 300w, http:\/\/www.agust.net\/wordpress\/wp-content\/uploads\/2015\/11\/hitafar-jardar-2000-ar_876926-2-768x304.png 768w, http:\/\/www.agust.net\/wordpress\/wp-content\/uploads\/2015\/11\/hitafar-jardar-2000-ar_876926-2-1024x406.png 1024w\" sizes=\"(max-width: 1600px) 100vw, 1600px\" \/><p id=\"caption-attachment-1395\" class=\"wp-caption-text\"><span style=\"color: #000000;\">Mynd 2d: Hnattr\u00e6nar hitabreytingar s\u00ed\u00f0astli\u00f0in 2000 \u00e1r.<\/span><\/p><\/div>\n<div class=\"mceTemp\"><\/div>\n<p>&nbsp;<\/p>\n<p>Gamla m\u00e1lverki\u00f0 \u00e1 <strong>mynd 2e<\/strong>\u00a0eftir Abraham Hondius og er fr\u00e1 1677. Horft er ni\u00f0ur eftir \u00e1nni \u00ed \u00e1tt a\u00f0 g\u00f6mlu Lund\u00fanarbr\u00fanni.\u00a0 Lengst til h\u00e6gri handan br\u00faarinnar er Southwark Cathedral, og \u00fear til vinstri s\u00e9st \u00ed turn St. Olave&#8217;s Church.<\/p>\n<p>Taki\u00f0 eftir \u00edsj\u00f6kunum, sem vir\u00f0ast um h\u00e1lfur annar metri \u00e1 \u00feykkt. Hvernig stendur \u00e1 \u00feessum \u00f3sk\u00f6pum? Eitt kaldasta t\u00edmabil Litlu \u00edsaldarinnar svok\u00f6llu\u00f0u st\u00f3\u00f0 yfir me\u00f0an virkni s\u00f3lar var \u00ed l\u00e1gmaki sem kallast Maunder minimum. \u00dea\u00f0 st\u00f3\u00f0 yfir um \u00fea\u00f0 bil fr\u00e1 1645 til 1715. \u00de\u00e1 s\u00e1ust varla s\u00f3lblettir n\u00e9 nor\u00f0urlj\u00f3s og fimbulkuldi r\u00edkt v\u00ed\u00f0a. M\u00e1lverki\u00f0 er fr\u00e1 \u00feessu kuldaskei\u00f0i.<\/p>\n<div id=\"attachment_429\" style=\"width: 606px\" class=\"wp-caption aligncenter\"><img aria-describedby=\"caption-attachment-429\" loading=\"lazy\" class=\"size-full wp-image-429\" src=\"http:\/\/www.agust.net\/wordpress\/wp-content\/uploads\/2015\/08\/Thames-5-600w.jpg\" alt=\"Mynd 3: Me\u00f0an \u00e1 litlu \u00eds\u00f6ldinni st\u00f3\u00f0 var \u00e1in Thames vi\u00f0 London oft \u00edsi l\u00f6g\u00f0. M\u00e1lverki\u00f0 er eftir Abraham Hondius (1630-1695). Museum of London. Fleiri myndir af &quot;Frost Fairs&quot; \u00e1 Thames eru til. Horft er ni\u00f0ur eftir \u00e1nni \u00ed \u00e1tt a\u00f0 g\u00f6mlu Lund\u00fanarbr\u00fanni. Lengst til h\u00e6gri handan br\u00faarinnar er Southwark Cathedral, og \u00fear til vinstri s\u00e9st \u00ed turn St. Olave's Church. \" width=\"600\" height=\"380\" srcset=\"http:\/\/www.agust.net\/wordpress\/wp-content\/uploads\/2015\/08\/Thames-5-600w.jpg 600w, http:\/\/www.agust.net\/wordpress\/wp-content\/uploads\/2015\/08\/Thames-5-600w-300x190.jpg 300w\" sizes=\"(max-width: 600px) 100vw, 600px\" \/><p id=\"caption-attachment-429\" class=\"wp-caption-text\"><span style=\"color: #000000;\">Mynd 2e: Me\u00f0an \u00e1 litlu \u00eds\u00f6ldinni st\u00f3\u00f0 var \u00e1in Thames vi\u00f0 London oft \u00edsi l\u00f6g\u00f0.<\/span><br \/><span style=\"color: #000000;\">M\u00e1lverki\u00f0 er eftir Abraham Hondius (1630-1695). Museum of London. Fleiri myndir af &#8220;Frost Fairs&#8221; \u00e1 Thames eru til.<\/span><br \/><span style=\"color: #000000;\">Horft er ni\u00f0ur eftir \u00e1nni \u00ed \u00e1tt a\u00f0 g\u00f6mlu Lund\u00fanarbr\u00fanni. Lengst til h\u00e6gri handan br\u00faarinnar er Southwark Cathedral, og \u00fear til vinstri s\u00e9st \u00ed turn St. Olave&#8217;s Church.<\/span><\/p><\/div>\n<p>&nbsp;<\/p>\n<p><strong>Hvernig var \u00e1standi\u00f0 \u00e1 \u00cdslandi um \u00feetta leyti?<\/strong><\/p>\n<p>\u00de\u00f3r Jakobsson segir \u00feetta \u00ed erindi s\u00ednu &#8220;<a href=\"http:\/\/www.vedur.is\/hafis\/frodleikur\/nr\/326\">Um haf\u00eds fyrir Su\u00f0urlandi &#8211; fr\u00e1 landn\u00e1mi til \u00feessa dags<\/a>&#8221; sem finna m\u00e1 \u00e1 vef Ve\u00f0urstofunnar:<\/p>\n<p><span style=\"color: #800000;\"><em>&#8220;1695. \u00d3vanalega miklir haf\u00edsar. \u00cds rak um veturinn upp a\u00f0 Nor\u00f0urlandi og l\u00e1 hann fram um \u00feing, nor\u00f0anve\u00f0ur r\u00e1ku \u00edsinn austur fyrir og svo su\u00f0ur, var hann kominn fyrir \u00deorl\u00e1ksh\u00f6fn fyrir sumarm\u00e1l og sunnudaginn fyrstan \u00ed sumri (14. apr\u00edl) rak hann fyrir Reykjanes og Gar\u00f0 og inn \u00e1 fiskileitir Seltirninga og a\u00f0 lokum a\u00f0 Hvalseyjum og \u00ed H\u00edtar\u00f3s, f\u00f3r hann inn \u00e1 hverja v\u00edk. Haf\u00f0i \u00eds ei komi\u00f0 fyrir Su\u00f0urnes innan 80 \u00e1ra, \u00fe\u00f3tti \u00fev\u00ed m\u00f6rgum n\u00fdst\u00e1rlegt og undrum gegna um komu hans. \u00de\u00e1 m\u00e1tti ganga \u00e1 \u00edsum af Akranesi \u00ed H\u00f3lmakaupsta\u00f0 (Reykjav\u00edk) og var \u00edsinn \u00e1 Faxafl\u00f3a fram um vert\u00ed\u00f0arlok r\u00famlega, braut hann skip undan 6 m\u00f6nnum fyrir Gar\u00f0i, en \u00feeir gengu allir til lands&#8221;.<\/em><\/span><\/p>\n<p>Um 1900 fer heimurinn a\u00f0 hl\u00fdna \u00e1 n\u00fdjan leik og hefur s\u00fa \u00fer\u00f3un haldist til dagsins \u00ed dag, &#8211; me\u00f0 rykkjum \u00fe\u00f3. Vi\u00f0 vitum hvernig \u00e1standi\u00f0 var h\u00e9r \u00e1 landi seint \u00e1 19. \u00f6ld \u00feegar vesturfer\u00f0ir \u00cdslendinga st\u00f3\u00f0u sem h\u00e6st, og f\u00f3lk fl\u00fa\u00f0i har\u00f0indi og f\u00e1t\u00e6kt sem af \u00fev\u00ed leiddi. Vi\u00f0 h\u00f6fum heyrt af frostavetrinum mikla 1918, s\u00ed\u00f0an komu veruleg hl\u00fdindi fram a\u00f0 str\u00ed\u00f0s\u00e1rum, \u00fe\u00e1 nokkur k\u00f3lnun fram til um 1975 er fer a\u00f0 hl\u00fdna aftur. Auk \u00feessara breytinga eru sm\u00e1 sveiflur fr\u00e1 \u00e1ri til \u00e1rs, sem eru breytilegar fr\u00e1 einu landi til annars, eins og vi\u00f0 k\u00f6nnumst vi\u00f0. H\u00e9r \u00e1 nor\u00f0ursl\u00f3\u00f0um, \u00fear sem me\u00f0alhiti \u00e1rsins er ekki nema nokkrar gr\u00e1\u00f0ur yfir frostmarki, erum vi\u00f0 miklu n\u00e6mari fyrir sm\u00e1v\u00e6gilegum hitafarsbreytingum en sunnar \u00ed \u00e1lfunni \u00fear sem \u00e1rsme\u00f0alhitinn er mun h\u00e6rri.<\/p>\n<p>Hven\u00e6r lauk Litlu \u00eds\u00f6ldinni? Um \u00fea\u00f0 m\u00e1 deila, sumir mi\u00f0a vi\u00f0 \u00e1ri\u00f0 1900 og enn a\u00f0rir vilja meina a\u00f0 frostaveturinn 1918 hafi veri\u00f0 dau\u00f0akippir \u00feessa langa kuldaskei\u00f0s.<\/p>\n<p>&nbsp;<\/p>\n<p><strong>Hinir s\u00edbreytilegu j\u00f6klar&#8230;<\/strong><\/p>\n<p>Kortin, 2f og 2g,\u00a0 h\u00e9r fyrir ne\u00f0an eru fengin a\u00f0 l\u00e1ni \u00far\u00a0<strong>\u00c1rb\u00f3k Landgr\u00e6\u00f0slu r\u00edkisins 1995-1997<\/strong>. \u00deau eru eftir jar\u00f0fr\u00e6\u00f0ingana <strong>Gr\u00e9tar Gu\u00f0bergsson<\/strong> og <strong>\u00deorleif Einarsson<\/strong>. \u00a0Kortin hafa veri\u00f0 ger\u00f0 til a\u00f0 gefa hugmynd um sennilega st\u00e6r\u00f0 j\u00f6kla mi\u00f0a\u00f0 vi\u00f0 st\u00e6r\u00f0 \u00feeirra n\u00fa \u00e1 t\u00edmum, en n\u00faverandi st\u00e6r\u00f0 er s\u00fdnd \u00e1 kortunum. \u00dea\u00f0 ver\u00f0ur \u00fev\u00ed a\u00f0 r\u00fdna kortin \u00ed \u00fev\u00ed lj\u00f3si og for\u00f0ast a\u00f0 sko\u00f0a sm\u00e1atri\u00f0i.<\/p>\n<p>Sk\u00fdringartextinn fyrir ne\u00f0an kortin fylgdi \u00feeim \u00ed \u00c1rb\u00f3kinni.<\/p>\n<div id=\"attachment_1363\" style=\"width: 1555px\" class=\"wp-caption aligncenter\"><img aria-describedby=\"caption-attachment-1363\" loading=\"lazy\" class=\"wp-image-1363 size-full\" src=\"http:\/\/www.agust.net\/wordpress\/wp-content\/uploads\/2015\/12\/glaciers_in_iceland_1000_years_ago.jpg\" width=\"1545\" height=\"1278\" srcset=\"http:\/\/www.agust.net\/wordpress\/wp-content\/uploads\/2015\/12\/glaciers_in_iceland_1000_years_ago.jpg 1545w, http:\/\/www.agust.net\/wordpress\/wp-content\/uploads\/2015\/12\/glaciers_in_iceland_1000_years_ago-300x248.jpg 300w, http:\/\/www.agust.net\/wordpress\/wp-content\/uploads\/2015\/12\/glaciers_in_iceland_1000_years_ago-768x635.jpg 768w, http:\/\/www.agust.net\/wordpress\/wp-content\/uploads\/2015\/12\/glaciers_in_iceland_1000_years_ago-1024x847.jpg 1024w\" sizes=\"(max-width: 1545px) 100vw, 1545px\" \/><p id=\"caption-attachment-1363\" class=\"wp-caption-text\"><span style=\"color: #000000;\">Mynd 2f: Sennileg st\u00e6r\u00f0 j\u00f6kla vi\u00f0 Landn\u00e1m.<\/span><br \/><span style=\"color: #000000;\">Svartar \u00fatl\u00ednur s\u00fdna st\u00e6r\u00f0 j\u00f6klanna er myndin var teiknu\u00f0. Sj\u00e1 \u00c1rb\u00f3k Landgr\u00e6\u00f0slu r\u00edkisins 1995-1997<\/span>.<\/p><\/div>\n<p>&nbsp;<\/p>\n<p>&nbsp;<\/p>\n<div id=\"attachment_1362\" style=\"width: 1556px\" class=\"wp-caption aligncenter\"><img aria-describedby=\"caption-attachment-1362\" loading=\"lazy\" class=\"wp-image-1362 size-full\" src=\"http:\/\/www.agust.net\/wordpress\/wp-content\/uploads\/2015\/12\/galciers_in_iceland_2500_years_ago.jpg\" width=\"1546\" height=\"1292\" srcset=\"http:\/\/www.agust.net\/wordpress\/wp-content\/uploads\/2015\/12\/galciers_in_iceland_2500_years_ago.jpg 1546w, http:\/\/www.agust.net\/wordpress\/wp-content\/uploads\/2015\/12\/galciers_in_iceland_2500_years_ago-300x251.jpg 300w, http:\/\/www.agust.net\/wordpress\/wp-content\/uploads\/2015\/12\/galciers_in_iceland_2500_years_ago-768x642.jpg 768w, http:\/\/www.agust.net\/wordpress\/wp-content\/uploads\/2015\/12\/galciers_in_iceland_2500_years_ago-1024x856.jpg 1024w\" sizes=\"(max-width: 1546px) 100vw, 1546px\" \/><p id=\"caption-attachment-1362\" class=\"wp-caption-text\"><span style=\"color: #000000;\">Mynd 2g: Sennileg st\u00e6r\u00f0 j\u00f6kla fyrir 2500 \u00e1rum.<\/span><br \/><span style=\"color: #000000;\">Svartar \u00fatl\u00ednur s\u00fdna st\u00e6r\u00f0 j\u00f6klanna er myndin var teiknu\u00f0. Sj\u00e1 \u00c1rb\u00f3k Landgr\u00e6\u00f0slu r\u00edkisins 1995-1997<\/span>.<\/p><\/div>\n<h2><\/h2>\n<p style=\"padding-left: 90px;\"><span style=\"color: #800000;\"><strong>Hj\u00f6rleifur Guttormsson:<br \/>\n<\/strong>\u201e\u00c1 landn\u00e1ms\u00f6ld og fram eftir \u00f6ldum voru j\u00f6klar h\u00e9r sem annars<\/span><br \/>\n<span style=\"color: #800000;\">sta\u00f0ar \u00e1 landinu langtum minni en n\u00fa er. J\u00f6kulhetta var \u00e1<\/span><br \/>\n<span style=\"color: #800000;\">Hnappafelli, eins og \u00d6r\u00e6faj\u00f6kull var nefndur \u00ed \u00f6ndver\u00f0u, og<\/span><br \/>\n<span style=\"color: #800000;\">skri\u00f0j\u00f6klar teyg\u00f0u sig \u00fear eitthva\u00f0 ni\u00f0ur eftir hl\u00ed\u00f0um. Vatnaj\u00f6kull<\/span><br \/>\n<span style=\"color: #800000;\">var til en langtum minni en s\u00ed\u00f0ar var\u00f0, hugsanlega a\u00f0 mestu skorinn<\/span><br \/>\n<span style=\"color: #800000;\">sundur \u00ed tvo e\u00f0a \u00ferj\u00e1 j\u00f6kulskildi, enda lengst af kalla\u00f0ur<\/span><br \/>\n<span style=\"color: #800000;\">Klofaj\u00f6kull. Meginskri\u00f0j\u00f6klarnir fr\u00e1 honum voru litlir \u00ed samanbur\u00f0i<\/span><br \/>\n<span style=\"color: #800000;\">vi\u00f0 \u00fea\u00f0 sem s\u00ed\u00f0ar var\u00f0. \u00dea\u00f0 sem vi\u00f0 k\u00f6llum einu nafni<\/span><br \/>\n<span style=\"color: #800000;\">Brei\u00f0amerkurj\u00f6kul voru \u00ferj\u00e1r skri\u00f0j\u00f6kultungur sem \u00f3v\u00edst er<\/span><br \/>\n<span style=\"color: #800000;\">hvort n\u00e1\u00f0u a\u00f0 renna saman ne\u00f0an vi\u00f0 M\u00e1vabygg\u00f0ir en s\u00fa nafngift<\/span><br \/>\n<span style=\"color: #800000;\">n\u00e1\u00f0i \u00fe\u00e1 einnig yfir Esjufj\u00f6ll. J\u00f6kulja\u00f0arinn hefur \u00fe\u00e1 legi\u00f0 allt<\/span><br \/>\n<span style=\"color: #800000;\">a\u00f0 15 k\u00edl\u00f3metrum innar en n\u00fa er en utan vi\u00f0 var sl\u00e9tta sem veri\u00f0<\/span><br \/>\n<span style=\"color: #800000;\">haf\u00f0i sj\u00e1varbotn \u00ed \u00edsaldarlokin. Drj\u00fagur hluti \u00feessarar miklu<\/span><br \/>\n<span style=\"color: #800000;\">sl\u00e9ttu hefur veri\u00f0 gr\u00f3inn og sk\u00f3givaxinn \u00e1 k\u00f6flum eins og m\u00falarnir<\/span><br \/>\n<span style=\"color: #800000;\">beggja vegna og \u00fear var v\u00ed\u00f0a all\u00feykkur jar\u00f0vegur.\u201c<\/span><\/p>\n<p style=\"padding-left: 180px;\"><em><span style=\"color: #800000;\">&#8212; \u00c1rb\u00f3k Fer\u00f0af\u00e9lags \u00cdslands1993. Hj\u00f6rleifur Guttormsson.<\/span><\/em><\/p>\n<p>&nbsp;<\/p>\n<p>\u00cd gl\u00e6silegri b\u00f3k<strong> Dr. Helga Bj\u00f6rnssonar j\u00f6klafr\u00e6\u00f0ings,<\/strong> <a href=\"https:\/\/www.forlagid.is\/vara\/joklar-a-islandi\/\"><strong>J\u00f6klar \u00e1 \u00cdslandi<\/strong><\/a>, sem kom \u00fat \u00e1ri\u00f0 2009, er mikill fr\u00f3\u00f0leikur um breytingar sem \u00e1tt hafa s\u00e9r sta\u00f0 \u00e1 \u00cdslandi. \u00a0B\u00f3kin fjallar, eins og nafni\u00f0 bendir til, fyrst og fremst um j\u00f6kla, en st\u00e6r\u00f0 \u00feeirra r\u00e6\u00f0st \u00ed a\u00f0alatri\u00f0um af \u00e1ratuga l\u00f6ngu \u00e1rfer\u00f0i. \u00a0\u00dea\u00f0 er \u00fev\u00ed \u00f3rofa samband milli hitafarsins og st\u00e6r\u00f0ar j\u00f6klanna. \u00deegar mildir \u00e1ratugir koma dragast \u00feeir saman, en ganga fram \u00e1\u00a0k\u00f6ldum \u00e1ratugum.<\/p>\n<p>Kortin h\u00e9r fyrir eru fengin a\u00f0 l\u00e1ni \u00far b\u00f3kinni ne\u00f0an s\u00fdna umfang Vatnaj\u00f6kuls fyrir 4000 \u00e1rum, 3000 \u00e1rum, 2000 \u00e1rum og 1000 \u00e1rum. Allar \u00feessar breytingar eiga s\u00e9r n\u00e1tt\u00farulegar sk\u00fdringar.<\/p>\n<div id=\"attachment_2223\" style=\"width: 2102px\" class=\"wp-caption aligncenter\"><img aria-describedby=\"caption-attachment-2223\" loading=\"lazy\" class=\"size-full wp-image-2223\" src=\"http:\/\/www.agust.net\/wordpress\/wp-content\/uploads\/2015\/12\/20190505_193138.jpg\" alt=\"\" width=\"2092\" height=\"1224\" srcset=\"http:\/\/www.agust.net\/wordpress\/wp-content\/uploads\/2015\/12\/20190505_193138.jpg 2092w, http:\/\/www.agust.net\/wordpress\/wp-content\/uploads\/2015\/12\/20190505_193138-300x176.jpg 300w, http:\/\/www.agust.net\/wordpress\/wp-content\/uploads\/2015\/12\/20190505_193138-768x449.jpg 768w, http:\/\/www.agust.net\/wordpress\/wp-content\/uploads\/2015\/12\/20190505_193138-1024x599.jpg 1024w\" sizes=\"(max-width: 2092px) 100vw, 2092px\" \/><p id=\"caption-attachment-2223\" class=\"wp-caption-text\"><span style=\"color: #000000;\">Mynd 2h: \u00dar b\u00f3k Helga Bj\u00f6rnssonar j\u00f6klafr\u00e6\u00f0ings, J\u00f6klar \u00e1 \u00cdslandi.<\/span><\/p><\/div>\n<p>&nbsp;<\/p>\n<div id=\"attachment_2224\" style=\"width: 1742px\" class=\"wp-caption aligncenter\"><img aria-describedby=\"caption-attachment-2224\" loading=\"lazy\" class=\"size-full wp-image-2224\" src=\"http:\/\/www.agust.net\/wordpress\/wp-content\/uploads\/2015\/12\/20190505_193130.jpg\" alt=\"\" width=\"1732\" height=\"1585\" srcset=\"http:\/\/www.agust.net\/wordpress\/wp-content\/uploads\/2015\/12\/20190505_193130.jpg 1732w, http:\/\/www.agust.net\/wordpress\/wp-content\/uploads\/2015\/12\/20190505_193130-300x275.jpg 300w, http:\/\/www.agust.net\/wordpress\/wp-content\/uploads\/2015\/12\/20190505_193130-768x703.jpg 768w, http:\/\/www.agust.net\/wordpress\/wp-content\/uploads\/2015\/12\/20190505_193130-1024x937.jpg 1024w\" sizes=\"(max-width: 1732px) 100vw, 1732px\" \/><p id=\"caption-attachment-2224\" class=\"wp-caption-text\"><span style=\"color: #000000;\">Mynd 2i: \u00dar b\u00f3k Helga Bj\u00f6rnssonar j\u00f6klafr\u00e6\u00f0ings, J\u00f6klar \u00e1 \u00cdslandi.\u00a0 \u00a0Kortin\u00a0 s\u00fdna umfang Vatnaj\u00f6kuls fyrir 4000 \u00e1rum, 3000 \u00e1rum, 2000 \u00e1rum og 1000 \u00e1rum. Allar \u00feessar breytingar eiga s\u00e9r n\u00e1tt\u00farulegar sk\u00fdringar.\u00a0 Sj\u00e1 sk\u00fdringar h\u00e9r fyrir ofan og \u00ed texta sem fylgir kortunum.<\/span><\/p><\/div>\n<p>&nbsp;<\/p>\n<p><strong>Helgi Bj\u00f6rnsson<\/strong> j\u00f6klafr\u00e6\u00f0ingur svarar spurningunni \u00a0 <strong>&#8220;Var einu sinni \u00edslaus dalur \u00ed mi\u00f0jum Vatnaj\u00f6kli?&#8221;<\/strong> \u00e1 V\u00edsindavefnum <a href=\"http:\/\/www.visindavefur.is\/svar.php?id=72209\">h\u00e9r<\/a>.<\/p>\n<p>&#8212;<\/p>\n<div id=\"attachment_2691\" style=\"width: 746px\" class=\"wp-caption aligncenter\"><img aria-describedby=\"caption-attachment-2691\" loading=\"lazy\" class=\"size-full wp-image-2691\" src=\"http:\/\/www.agust.net\/wordpress\/wp-content\/uploads\/2015\/12\/Pall-Bergthorsson-hitaferill.jpg\" alt=\"\" width=\"736\" height=\"405\" srcset=\"http:\/\/www.agust.net\/wordpress\/wp-content\/uploads\/2015\/12\/Pall-Bergthorsson-hitaferill.jpg 736w, http:\/\/www.agust.net\/wordpress\/wp-content\/uploads\/2015\/12\/Pall-Bergthorsson-hitaferill-300x165.jpg 300w\" sizes=\"(max-width: 736px) 100vw, 736px\" \/><p id=\"caption-attachment-2691\" class=\"wp-caption-text\"><span style=\"color: #000000;\">Mynd 2j:\u00a0 \u00dar pistli <strong>P\u00e1ls Berg\u00fe\u00f3rssonar<\/strong> \u00e1 Fasb\u00f3k 25. \u00e1g\u00fast 2014<\/span><\/p><\/div>\n<p>.<strong style=\"font-size: 13px; background-color: #f3f3f3; color: #404040;\">P\u00e1ll Berg\u00fe\u00f3rsson ve\u00f0urfr\u00e6\u00f0ingur<\/strong><span style=\"font-size: 13px; background-color: #f3f3f3; color: #404040;\"> skrifa\u00f0i vi\u00f0 myndina h\u00e9r a\u00f0 ofan 25. \u00e1g\u00fast 2014:<\/span><\/p>\n<p><span style=\"color: #800000;\">&#8220;\u00deetta yfirlit yfir loftslag \u00e1 landinu ger\u00f0i \u00e9g fyrir m\u00f6rgum \u00e1rum, sveiflur, stuttar og langar. S\u00ed\u00f0an skipti \u00e9g \u00fev\u00ed \u00ed fj\u00f6gur t\u00edmabil me\u00f0 mismunandi me\u00f0alhita. S\u00ed\u00f0an f\u00e9kk \u00e9g athuganir fr\u00e1 Gr\u00e6nlandsj\u00f6kli um svonefndar s\u00farefnissams\u00e6tur, sem eru taldar gefa g\u00f3\u00f0ar v\u00edsbendingar um hitann. Samr\u00e6mi\u00f0 er b\u00fdsna gott og sty\u00f0ur \u00e1\u00e6tlanirnar um me\u00f0alhitann h\u00e9r. Ekki m\u00e1 \u00fe\u00f3 b\u00faast vi\u00f0 a\u00f0 styttri sveiflur s\u00e9u samt\u00ed\u00f0a, h\u00e9r getur \u00fe\u00e1 veri\u00f0 r\u00edkjandi su\u00f0l\u00e6g \u00e1tt \u00fe\u00f3 a\u00f0 \u00e1 Gr\u00e6nlandi s\u00e9 h\u00fan nor\u00f0l\u00e6g. En \u00e1 lengri t\u00edma jafnar \u00feetta sig upp.<\/span><\/p>\n<h3><span style=\"color: #800000;\">\u00c1berandi eru har\u00f0ar sveiflur og mikill kuldi fr\u00e1 \u00fev\u00ed fyrir 1600 og fram um 1920, oft har\u00f0indakaflar me\u00f0 h\u00e1lfrar aldar millibili og \u00fe\u00e1 var verulegt mannfall af skorti svo a\u00f0 nam \u00fe\u00fasundum. En \u00e1 s\u00ed\u00f0ari hluta 19. aldar var\u00f0 hungurdau\u00f0inn st\u00f3rum minni \u00fer\u00e1tt fyrir mikinn kulda, \u00fe\u00f3 a\u00f0 sums sta\u00f0ar yr\u00f0i hans vart. \u00dea\u00f0 m\u00e1 tr\u00falega \u00feakka \u00fev\u00ed a\u00f0 allt a\u00f0 \u00fev\u00ed 20% \u00fej\u00f3\u00f0arinnar fl\u00fa\u00f0i til Amer\u00edku, einkum \u00feeir f\u00e1t\u00e6kustu, og \u00feeir sem eftir ur\u00f0u \u00feurftu \u00fe\u00e1 ekki a\u00f0 taka eins mikinn \u00fe\u00e1tt \u00ed hj\u00e1lparstarfi. Langsamlega mestur var fl\u00f3ttinn einmitt fr\u00e1 k\u00f6ldustu sv\u00e6\u00f0unum austan til \u00e1 Nor\u00f0urlandi. \u00deetta rifjast upp vegna fyrsta sj\u00f3nvarps\u00fe\u00e1ttar Egils Helgasonar um vesturfer\u00f0irnar \u00ed g\u00e6rkv\u00f6ldi. &#8211; Ekki hefur \u00fearna veri\u00f0 b\u00e6tt vi\u00f0 s\u00ed\u00f0ustu sveiflum, me\u00f0 mestu hl\u00fdindi \u00ed 800 \u00e1r, einkum n\u00fa eftir aldam\u00f3tin, og tr\u00falega nokku\u00f0 svipa\u00f0 loftslag og \u00e1 fyrstu \u00feremur \u00f6ldum \u00cdslandsbygg\u00f0ar. En j\u00f6klarnir eru ekki or\u00f0nir eins litlir og \u00fe\u00e1, \u00fea\u00f0 tekur langan t\u00edma a\u00f0 br\u00e6\u00f0a \u00fe\u00e1&#8221;.<\/span><\/h3>\n<p>&nbsp;<\/p>\n<p><strong>Sj\u00e1 einnig greinina <a href=\"https:\/\/www.mbl.is\/greinasafn\/grein\/1024957\/\">Loftslag \u00e1 \u00cdslandi og Gr\u00e6nlandi<\/a> eftir P\u00e1l Berg\u00fe\u00f3rsson.<\/strong><\/p>\n<p>&nbsp;<\/p>\n<p>&nbsp;<\/p>\n<p><strong><span style=\"color: #000000;\">Haf\u00edsinn og S\u00f3lin . . .<br \/>\n<\/span><\/strong><br \/>\n<span style=\"color: #000000;\">Merkileg grein \u00e1 vef <strong><a href=\"https:\/\/www.dmi.dk\/\">D\u00f6nsku Ve\u00f0urstofunnar DMI<\/a>.<\/strong><\/span><\/p>\n<p><span style=\"color: #800000;\"><span style=\"color: #000000;\">Fjalla\u00f0 er um haf\u00eds vi\u00f0 \u00cdsland fr\u00e1 1500 til 2000, og \u00ed lj\u00f3s kemur samsv\u00f6run vi\u00f0 lengd s\u00f3lsveiflunnar.<\/span><br \/>\n<span style=\"color: #000000;\">Heildregna l\u00ednan er haf\u00eds vi\u00f0 \u00edsland, strika\u00f0a l\u00ednan lengd s\u00f3lsveiflunnar.<\/span><\/span><\/p>\n<p><span style=\"color: #000000;\">Smella \u00e1 kr\u00e6kju til a\u00f0 sj\u00e1 greinina<\/span>.<br \/>\n<a class=\"oajrlxb2 g5ia77u1 qu0x051f esr5mh6w e9989ue4 r7d6kgcz rq0escxv nhd2j8a9 nc684nl6 p7hjln8o kvgmc6g5 cxmmr5t8 oygrvhab hcukyx3x jb3vyjys rz4wbd8a qt6c0cv9 a8nywdso i1ao9s8h esuyzwwr f1sip0of lzcic4wl gpro0wi8 py34i1dx\" tabindex=\"0\" role=\"link\" href=\"http:\/\/www.dmi.dk\/fileadmin\/Rapporter\/SR\/sr05-02.pdf?fbclid=IwAR2hINOnOlKrN6GG-uDdEu0rRQe9bKW-YD5lebW49OLWVIr-BdYmrb9R8FY\" target=\"_blank\" rel=\"nofollow noopener\">http:\/\/www.dmi.dk\/fileadmin\/Rapporter\/SR\/sr05-02.pdf<\/a><\/p>\n<p>&nbsp;<\/p>\n<div id=\"attachment_3658\" style=\"width: 664px\" class=\"wp-caption aligncenter\"><img aria-describedby=\"caption-attachment-3658\" loading=\"lazy\" class=\"size-full wp-image-3658\" src=\"http:\/\/www.agust.net\/wordpress\/wp-content\/uploads\/2015\/12\/Hafis-Sol-DMI.jpg\" alt=\"\" width=\"658\" height=\"458\" srcset=\"http:\/\/www.agust.net\/wordpress\/wp-content\/uploads\/2015\/12\/Hafis-Sol-DMI.jpg 658w, http:\/\/www.agust.net\/wordpress\/wp-content\/uploads\/2015\/12\/Hafis-Sol-DMI-300x209.jpg 300w\" sizes=\"(max-width: 658px) 100vw, 658px\" \/><p id=\"caption-attachment-3658\" class=\"wp-caption-text\"><span style=\"color: #000000;\">Mynd 2k:\u00a0 \u00a0 Haf\u00eds vi\u00f0 \u00cdsland fr\u00e1 1500 til 2000.\u00a0 Heildregna l\u00ednan er haf\u00eds vi\u00f0 \u00edsland, strika\u00f0a l\u00ednan er lengd s\u00f3lsveiflunnar. \u00a0Taki\u00f0 eftir samsv\u00f6run haf\u00edss vi\u00f0 lengd s\u00f3lsveiflunnar.<\/span><\/p><\/div>\n<h3><\/h3>\n<h3>Mikilv\u00e6gar spurningar:<\/h3>\n<p><a href=\"http:\/\/www.agust.net\/wordpress\/2021\/10\/09\/mwp\/\"><strong>Var hl\u00fdja loftslagi\u00f0 \u00e1 mi\u00f0\u00f6ldum (Medieval Warm Period \u2013 MWP) hnattr\u00e6nt fyrirb\u00e6ri e\u00f0a bundi\u00f0 vi\u00f0 \u00e1kve\u00f0na sta\u00f0i \u00e1 j\u00f6r\u00f0inni?<\/strong><\/a><\/p>\n<p>(Smella \u00e1 fyrirs\u00f6gn til a\u00f0 sj\u00e1 greinina).<\/p>\n<p>Sj\u00e1 einnig:\u00a0 <strong>Medieval Warm Period Project<\/strong>\u00a0 <a href=\"http:\/\/www.co2science.org\/data\/mwp\/mwpp.php\">http:\/\/www.co2science.org\/data\/mwp\/mwpp.php<\/a><\/p>\n<h6><em>&#8220;Our Medieval Warm Period Project is an ongoing effort to document the magnitude and spatial and temporal distributions of a significant period of warmth that occurred approximately one thousand years ago. Its purpose is to ultimately determine if the Medieval Warm Period (1) was or was not global in extent, (2) was less warm than, equally as warm as, or even warmer than the Current Warm Period, and (3) was longer or shorter than the Current Warm Period has been to date . . .&#8221;<\/em><\/h6>\n<p>&nbsp;<\/p>\n<p>&nbsp;<\/p>\n<p>&nbsp;<\/p>\n<p>&nbsp;<\/p>\n<p>&nbsp;<\/p>\n<h4><\/h4>\n<h2><span style=\"color: #0000ff;\"><strong>3. Hl\u00fdnun s\u00ed\u00f0astli\u00f0in 150 \u00e1r fr\u00e1 Litlu \u00eds\u00f6ldinni<\/strong><\/span><\/h2>\n<p>Samkv\u00e6mt m\u00e6lingum er tali\u00f0 a\u00f0 hitastig jar\u00f0ar hafi h\u00e6kka\u00f0 um \u00fev\u00ed sem n\u00e6st 0,8\u00b0C s\u00ed\u00f0an um 1850. Vi\u00f0 getum teygt \u00fea\u00f0 \u00ed 1\u00b0C ef vi\u00f0 teljum ve\u00f0urfyrirb\u00e6ri\u00f0 El-Nino me\u00f0.\u00a0 Hvers vegna 1850?\u00a0 J\u00fa \u00fea\u00f0 er vegna \u00feess a\u00f0 s\u00e6milega \u00e1rei\u00f0anlegar eldri m\u00e6lingar \u00e1 lofthita eru ekki til. \u00de\u00e1 var Litlu \u00eds\u00f6ldinni ekki loki\u00f0. Verulegur hluti \u00feessa t\u00edmabils, um \u00fea\u00f0 bil h\u00e1lf \u00f6ld, tilheyrir Litlu \u00eds\u00f6ldinni. Skekkir \u00fea\u00f0 ekki a\u00f0eins myndina?<\/p>\n<p>Menn hafa af \u00fev\u00ed miklar \u00e1hyggjur a\u00f0 me\u00f0alhiti jar\u00f0ar hafi h\u00e6kka\u00f0 um \u00fev\u00ed sem n\u00e6st 1 gr\u00e1\u00f0u \u00e1 150 \u00e1rum? Hver vill fullyr\u00f0a a\u00f0 um 1850, \u00e1 s\u00ed\u00f0ustu \u00e1ratugum Litlu \u00edsaldar, hafi ve\u00f0urfar veri\u00f0 \u201cr\u00e9tt\u201d og \u00f6ll h\u00e6kkun hita s\u00ed\u00f0an \u00fe\u00e1 s\u00e9 \u201cr\u00f6ng\u201d og h\u00e6ttuleg?\u00a0\u00a0 \u00dea\u00f0 merkilega er a\u00f0 \u00feetta er kjarninn \u00ed umr\u00e6\u00f0unni um loftslagsm\u00e1lin.<\/p>\n<p>Reyndar er \u00fea\u00f0 svo a\u00f0 h\u00e6kkun hitastigs er oft mi\u00f0u\u00f0 vi\u00f0 &#8220;t\u00edmabili\u00f0 fyrir i\u00f0nbyltingu&#8221;,\u00a0\u00a0en i\u00f0nbyltingin er almennt talin hafa hafist \u00e1 18. \u00f6ld, og stundum mi\u00f0a\u00a0<a href=\"http:\/\/www.history.com\/topics\/industrial-revolution\">sagnfr\u00e6\u00f0ingar<\/a>\u00a0vi\u00f0 \u00e1rtali\u00f0 \u00feegar James Watt endurb\u00e6tti gufuv\u00e9lina 1770 og\u00a0James Hargreaves fann upp spunav\u00e9lina 1764.\u00a0 \u00cd \u00feessu sambandi skiptir \u00fea\u00f0\u00a0ekki m\u00e1li, \u00fev\u00ed allt eru \u00feetta t\u00edmar sem tilheyra kuldat\u00edmabili Litlu \u00edsaldar.\u00a0\u00dea\u00f0 eru\u00a0einnig\u00a0skiptar sko\u00f0anir um \u00fea\u00f0 hven\u00e6r Litlu \u00eds\u00f6ldinni lauk. \u00a0 \u00cdslenskir j\u00f6klar gengu lengst fram \u00e1 t\u00edmabilinu 1890-1920, sj\u00e1\u00a0<a href=\"https:\/\/notendur.hi.is\/oi\/icelandic_glaciers.htm\">h\u00e9r<\/a>.\u00a0Sumir mi\u00f0a vi\u00f0 1850, en\u00a0<a href=\"https:\/\/judithcurry.com\/2015\/02\/19\/the-intermittent-little-ice-age\/\">a\u00f0rir ekki fyrr en 1920<\/a>)<\/p>\n<p>Vi\u00f0 sj\u00e1um greinilega \u00e1 hitaferlinum fr\u00e1 Bresku Ve\u00f0urstofunni (<strong>mynd 3a<\/strong>) a\u00f0 Litlu \u00cds\u00f6ldinni l\u00fdkur ekki endanlega fyrr en um 1920, \u00fe\u00e1 ver\u00f0ur mj\u00f6g hr\u00f6\u00f0 hl\u00fdnun fram a\u00f0 1945, s\u00ed\u00f0an kyrrsta\u00f0a til um 1980 er hitinn fer a\u00f0 r\u00edsa hratt til \u00e1rsins 2000, og a\u00f0 lokum meira og minna kyrrsta\u00f0a til dagsins \u00ed dag. Allra s\u00ed\u00f0ustu \u00e1r hefur \u00f6flugur hitatoppur sem kallast El-Nino sem stafar af ve\u00f0urfyrirb\u00e6ri \u00ed Kyrrahafinu villt m\u00f6nnum s\u00fdn, en hann s\u00e9st \u00e1 mynd 4.<\/p>\n<p>Eftirtektarvert er a\u00f0 \u00e1 t\u00edmabilinu 1920 til 1945 er \u00e1l\u00edka hr\u00f6\u00f0 og \u00e1l\u00edka mikil h\u00e6kkun \u00e1 hitastigi og \u00e1 t\u00edmabilinu 1975 til 2000. Hvort tveggja 25 \u00e1ra t\u00edmabil. \u00dea\u00f0 er umhugsunarvert a\u00f0 losun manna \u00e1 koltv\u00eds\u00fdringi var tilt\u00f6lulega l\u00edtil fyrr en eftir mi\u00f0ja s\u00ed\u00f0ustu \u00f6ld er losunin f\u00f3r hratt vaxandi. \u00dea\u00f0 fl\u00e6kir au\u00f0vita\u00f0 m\u00e1li\u00f0 d\u00e1l\u00edti\u00f0.\u00a0 Var \u00fea\u00f0 kannski n\u00e1tt\u00faran sem var a\u00f0 verki \u00e1 fyrra t\u00edmabilinu og mannf\u00f3lki\u00f0 \u00e1 hinu s\u00ed\u00f0ara?\u00a0 E\u00f0a \u00e1 n\u00e1tt\u00faran einhvern \u00fe\u00e1 \u00ed hitabreytingunum yfir allt t\u00edmabili\u00f0? \u00dea\u00f0 hefur h\u00fan alltaf gert.<\/p>\n<p>Vi\u00f0 t\u00f6kum eftir \u00fev\u00ed a\u00f0 me\u00f0alhitinn yfir allt t\u00edmabili\u00f0 er nokkurn vegin s\u00e1 sami og m\u00e6ldist \u00ed kyrrst\u00f6\u00f0unni 1945-1975. V\u00e6ri ekki e\u00f0lilegra a\u00f0 mi\u00f0a h\u00e6kkun lofthitans vi\u00f0 \u00fea\u00f0 t\u00edmabil frekar en Litlu \u00cds\u00f6ldina eins og gert er?\u00a0 \u00de\u00e1 v\u00e6ri h\u00e6kkunin sem vi\u00f0 v\u00e6rum me\u00f0 \u00e1hyggjur af um 0,5 gr\u00e1\u00f0ur \u00ed sta\u00f0 1 gr\u00e1\u00f0a. Varla hafa \u00fe\u00f3 n\u00e1tt\u00farulegar sveiflur h\u00e6tt um mi\u00f0ja s\u00ed\u00f0ustu \u00f6ld.<\/p>\n<p>Vi\u00f0 t\u00f6kum einnig eftir gr\u00e1u l\u00f3\u00f0r\u00e9ttu linunum sem ganga upp og ni\u00f0ur \u00far \u00f6llum m\u00e6lipunktunum. \u00deessar l\u00ednur t\u00e1kna \u00f3vissum\u00f6rk m\u00e6linganna.\u00a0 \u00deessi \u00f3vissum\u00f6rk eru +\/- 0,2 gr\u00e1\u00f0ur \u00e1 vinstri hluta ferilsins og +\/- 0,1 gr\u00e1\u00f0a \u00e1 h\u00e6gri hluta ferilsins. Til \u00feess ver\u00f0um vi\u00f0 au\u00f0vita\u00f0 a\u00f0 taka \u00feegar vi\u00f0 segjum h\u00e6kkun lofthita vera 1\u00b0C yfir allt t\u00edmabii\u00f0. Vi\u00f0 getum ekki fullyrt \u00fea\u00f0.<\/p>\n<p>&nbsp;<\/p>\n<div id=\"attachment_294\" style=\"width: 748px\" class=\"wp-caption aligncenter\"><img aria-describedby=\"caption-attachment-294\" loading=\"lazy\" class=\"size-full wp-image-294\" src=\"http:\/\/www.agust.net\/wordpress\/wp-content\/uploads\/2015\/01\/hadcrut4_annual_global-1.png\" alt=\"Mynd 4: Myndin er fr\u00e1 Bresku ve\u00f0urstofunni Met Office. H\u00fan s\u00fdnir fr\u00e1vik \u00ed me\u00f0alhita t\u00edmabilsins 1850 til 2014. \u00c1 \u00feessum t\u00edma hefur styrkur koltv\u00eds\u00fdrings aukist fr\u00e1 0,03% \u00ed 0,04%. \" width=\"738\" height=\"525\" srcset=\"http:\/\/www.agust.net\/wordpress\/wp-content\/uploads\/2015\/01\/hadcrut4_annual_global-1.png 738w, http:\/\/www.agust.net\/wordpress\/wp-content\/uploads\/2015\/01\/hadcrut4_annual_global-1-300x213.png 300w\" sizes=\"(max-width: 738px) 100vw, 738px\" \/><p id=\"caption-attachment-294\" class=\"wp-caption-text\"><span style=\"color: #000000;\">Mynd 3a: Myndin er fr\u00e1 Bresku ve\u00f0urstofunni Met Office. H\u00fan s\u00fdnir fr\u00e1vik \u00ed me\u00f0alhita t\u00edmabilsins 1850 til 2013. \u00c1 \u00feessum t\u00edma hefur styrkur koltv\u00eds\u00fdrings aukist fr\u00e1 0,03% \u00ed 0,04%.\u00a0\u00a0<\/span><\/p><\/div>\n<p>&nbsp;<\/p>\n<p>&nbsp;<\/p>\n<p><img src=\"http:\/\/www.agust.net\/wordpress\/wp-content\/uploads\/2015\/11\/Metoffice-1850-2017.png\" \/><\/p>\n<p><span style=\"color: #808080;\"><strong>Mynd fr\u00e1 Bresku ve\u00f0urstofunni MetOffice. Gulu r\u00f6ndina hafa \u00feeir sett inn sem vi\u00f0mi\u00f0un um 1\u00b0 h\u00e6kkun fr\u00e1 \u00fev\u00ed \u201cfyrir i\u00f0nbyltingu\u201d<\/strong><\/span><br \/>\n<a href=\"https:\/\/www.metoffice.gov.uk\/research\/news\/2018\/global-surface-temperatures-in-2017\">https:\/\/www.metoffice.gov.uk\/research\/news\/2018\/global-surface-temperatures-in-2017<\/a><\/p>\n<p>&nbsp;<\/p>\n<div id=\"attachment_1281\" style=\"width: 353px\" class=\"wp-caption aligncenter\"><img aria-describedby=\"caption-attachment-1281\" loading=\"lazy\" class=\"size-full wp-image-1281\" src=\"http:\/\/www.agust.net\/wordpress\/wp-content\/uploads\/2015\/12\/hadcrut3_globalmonthlytempsince1850_nh-sh-normalperiod_1.gif\" alt=\"Mynd 4a: \u00d6nnur mynd fr\u00e1 Bresku ve\u00f0urstofunni Met Office. St\u00f3r hluti ferilsins tilheyrir Litlu \u00eds\u00f6ldinni, en n\u00e6r \u00fe\u00f3 ekki aftur til upphafs i\u00f0nbyltingar um 1750\" width=\"347\" height=\"400\" \/><p id=\"caption-attachment-1281\" class=\"wp-caption-text\"><span style=\"color: #000000;\">Mynd 3b: \u00d6nnur mynd fr\u00e1 Bresku ve\u00f0urstofunni Met Office. St\u00f3r hluti ferilsins tilheyrir Litlu \u00eds\u00f6ldinni, en n\u00e6r \u00fe\u00f3 ekki aftur til upphafs i\u00f0nbyltingar um 1750<\/span><\/p><\/div>\n<p>&nbsp;<\/p>\n<div class=\"mceTemp\"><\/div>\n<h2><span style=\"color: #0000ff;\"><strong>4. Hl\u00fdnun undanfarinna \u00e1ra.<\/strong><\/span><\/h2>\n<p>N\u00e1tt\u00faran hefur veri\u00f0 a\u00f0 str\u00ed\u00f0a okkur fr\u00e1 aldam\u00f3tum, \u00fev\u00ed eitthva\u00f0 veldur \u00fev\u00ed a\u00f0 me\u00f0alhiti jar\u00f0ar hefur meira og minna sta\u00f0i\u00f0 \u00ed sta\u00f0 fr\u00e1 aldam\u00f3tum til \u00e1rsins 2015 eins og s\u00e9st \u00e1 <strong>mynd 4<\/strong>, \u00fer\u00e1tt fyrir s\u00edvaxandi losun manna \u00e1 koltv\u00eds\u00fdringi CO2. L\u00e1tum \u00fe\u00f3 ekki skammt\u00edma sveiflur \u00ed hitafari villa okkur s\u00fdn. Myndin s\u00fdnir b\u00e6\u00f0i gildi hvers m\u00e1na\u00f0ar og 37 m\u00e1na\u00f0a me\u00f0altal, sem er r\u00e9ttara a\u00f0 fylgjast me\u00f0 en skammt\u00edmasveiflum sem segja l\u00edti\u00f0.<\/p>\n<p>Hitam\u00e6lingar \u00e1 lofthj\u00fapnum fara \u00ed a\u00f0alatri\u00f0um fram \u00e1 tvennan h\u00e1tt: Me\u00f0 hef\u00f0bundnum hitam\u00e6lum \u00e1 ve\u00f0urst\u00f6\u00f0vum v\u00ed\u00f0a um heim og fr\u00e1 gervihn\u00f6ttum. M\u00e6lingar fr\u00e1 gervihn\u00f6ttum hafa \u00fea\u00f0 fram yfir kvikasilfursm\u00e6lana a\u00f0 gervihnettirnir m\u00e6la yfir allan hn\u00f6ttinn, bygg\u00f0 b\u00f3l, hafi\u00f0, ey\u00f0imerkur, fj\u00f6ll og firnindi. Svok\u00f6llu\u00f0 \u00fe\u00e9ttb\u00fdlis\u00e1hrif trufla ekki \u00fe\u00e6r m\u00e6lingar, en vi\u00f0 vitum flest hve miklu heitara er innan borgarmarkanna en utan \u00feeirra. \u00deessar m\u00e6lingar fr\u00e1 gervihn\u00f6ttum n\u00e1 \u00fe\u00f3 a\u00f0eins aftur til \u00e1rsins 1979. \u00c1 \u00feeim m\u00e1 greina \u00e1hrif fr\u00e1 st\u00f3rum eldgosum og fyrirb\u00e6rum \u00ed Kyrrahafinu sem k\u00f6llu\u00f0 eru El Ni\u00f1o og La Ni\u00f1a.<\/p>\n<div id=\"attachment_3508\" style=\"width: 890px\" class=\"wp-caption aligncenter\"><img aria-describedby=\"caption-attachment-3508\" loading=\"lazy\" class=\"size-full wp-image-3508\" src=\"http:\/\/www.agust.net\/wordpress\/wp-content\/uploads\/2015\/12\/MSU-UAH-GlobalMonthlyTempSince1979-With37monthRunningAverage-With201505Reference-1.gif\" alt=\"\" width=\"880\" height=\"481\" \/><p id=\"caption-attachment-3508\" class=\"wp-caption-text\"><span style=\"color: #000000;\">Mynd 4: Hitam\u00e6lingar fr\u00e1 gervihn\u00f6ttum s\u00fdna mest sveiflur fr\u00e1 s\u00ed\u00f0ustu aldam\u00f3tum. El-Nino topparnir \u00e1rin 1998 og 2015\/16 villa m\u00f6rgum s\u00fdn, en \u00fea\u00f0 eru ve\u00f0urfyrirb\u00e6ri \u00ed Kyrrahafinu sem koma loftslagsm\u00e1lum l\u00edti\u00f0 vi\u00f0. Myndin var uppf\u00e6r\u00f0 \u00ed mars 2019 og n\u00e6r ferillinn til loka okt\u00f3ber.<\/span><\/p><\/div>\n<p>&nbsp;<\/p>\n<h2><span style=\"color: #0000ff;\"><strong>5. \u00c1st\u00e6\u00f0ur loftslagsbreytinga og hva\u00f0 er \u00feetta \u00abeitthva\u00f0\u00bb sem minnst var \u00e1 \u00ed innganginum?<\/strong><\/span><\/h2>\n<p>Lj\u00f3st er a\u00f0 \u00fdmislegt anna\u00f0 getur haft \u00e1hrif \u00e1 loftslagsbreytingar en koltv\u00eds\u00fdringur. Margir \u00feekkja snjallar kenningar hins virta v\u00edsindamanns P\u00e1ls Berg\u00fe\u00f3rssonar um samspil breytilegs endurskins fr\u00e1 haf\u00eds sem orsakavalds hinnar vel\u00feekktu 60 \u00e1ra sveiflu \u00ed hitafari. Margir beina sj\u00f3num a\u00f0 s\u00f3linni, okkar eina hitagjafa. \u00a0S\u00f3lin \u00e1 <strong>mynd 5a<\/strong> er svok\u00f6llu\u00f0 breytistjarna sem j\u00f6r\u00f0in er \u00ed n\u00e1b\u00fdli vi\u00f0. Fr\u00e1 henni streymir breytilegur s\u00f3lvindurinn sem veldur fallegum nor\u00f0urlj\u00f3sum, og g\u00e6ti \u00e1tt verulegan \u00fe\u00e1tt \u00ed hitasveiflum undanfarinna alda og \u00e1r\u00fe\u00fasunda samkv\u00e6mt vel\u00feekktum <a href=\"https:\/\/www.youtube.com\/watch?v=pLjHoR-yffo\">kenningum pr\u00f3fessors Henriks Svensmark<\/a>.<\/p>\n<p>&nbsp;<\/p>\n<div id=\"attachment_382\" style=\"width: 2261px\" class=\"wp-caption aligncenter\"><img aria-describedby=\"caption-attachment-382\" loading=\"lazy\" class=\"size-full wp-image-382\" src=\"http:\/\/www.agust.net\/wordpress\/wp-content\/uploads\/2015\/08\/525022main_FAQ12.jpg\" alt=\"Mynd 6: S\u00f3lin er breytileg stjarna. Virkni hennar gengur \u00ed bylgjum. Sveiflurnar eru \u00e1ratuga, \u00e1rhundra\u00f0a og \u00e1r\u00fe\u00fasunda langar. J\u00f6r\u00f0in er \u00ed n\u00e1b\u00fdli vi\u00f0 \u00feessa dagstj\u00f6rnu.\" width=\"2251\" height=\"1126\" srcset=\"http:\/\/www.agust.net\/wordpress\/wp-content\/uploads\/2015\/08\/525022main_FAQ12.jpg 2251w, http:\/\/www.agust.net\/wordpress\/wp-content\/uploads\/2015\/08\/525022main_FAQ12-300x150.jpg 300w, http:\/\/www.agust.net\/wordpress\/wp-content\/uploads\/2015\/08\/525022main_FAQ12-1024x512.jpg 1024w\" sizes=\"(max-width: 2251px) 100vw, 2251px\" \/><p id=\"caption-attachment-382\" class=\"wp-caption-text\"><span style=\"color: #000000;\">Mynd 5a: S\u00f3lin er breytileg stjarna. Virkni hennar gengur \u00ed bylgjum. Sveiflurnar eru \u00e1ratuga, \u00e1rhundra\u00f0a og \u00e1r\u00fe\u00fasunda langar. J\u00f6r\u00f0in er \u00ed n\u00e1b\u00fdli vi\u00f0 \u00feessa dagstj\u00f6rnu.<\/span><\/p><\/div>\n<p>&nbsp;<\/p>\n<p>\u00c1 <strong>mynd 5b<\/strong> m\u00e1 sj\u00e1 breytingar \u00ed heildar\u00fatgeislun s\u00f3lar fr\u00e1 \u00e1rinu 1610 til 2014. Eins og sj\u00e1 m\u00e1, \u00fe\u00e1 er h\u00fan \u00ed h\u00e6stu h\u00e6\u00f0um \u00e1 s\u00ed\u00f0arihluta n\u00fdli\u00f0innar aldar, og n\u00fa er heildar\u00fatgeislunin farin a\u00f0 dala aftur. Maunder l\u00e1gmarki\u00f0 fr\u00e1 1650-1700 leynir s\u00e9r ekki.<\/p>\n<p>Breytingin \u00ed heildar\u00fatgeislun er reyndar heldur l\u00edtil til a\u00f0 sk\u00fdra hitabreytingar undanfari\u00f0 \u00feannig a\u00f0 leita \u00fearf annarra sk\u00fdringa. Sk\u00fdringin g\u00e6ti legi\u00f0 \u00ed \u00fatfj\u00f3lubl\u00e1a \u00fe\u00e6tti s\u00f3larlj\u00f3ssins e\u00f0a s\u00f3lvindinum, og beinast augu v\u00edsindamanna n\u00fa a\u00f0 \u00feeim m\u00f6guleikum.<\/p>\n<p>&nbsp;<\/p>\n<p>&nbsp;<\/p>\n<div id=\"attachment_703\" style=\"width: 890px\" class=\"wp-caption aligncenter\"><img aria-describedby=\"caption-attachment-703\" loading=\"lazy\" class=\"size-full wp-image-703\" src=\"http:\/\/www.agust.net\/wordpress\/wp-content\/uploads\/2015\/12\/SolarIrradianceReconstructedSince1610-LeanUntil2000-From2001dataFromPMOD-1.gif\" alt=\"Mynd 7: Heildar\u00fatgeislun s\u00f3lar hefur aukist jafnt og \u00fe\u00e9tt s\u00ed\u00f0astli\u00f0in 400 \u00e1r \u00e1samt \u00fev\u00ed sem hnattr\u00e6n hl\u00fdnun hefur \u00e1tt s\u00e9r sta\u00f0. N\u00fa kann virkni s\u00f3lar a\u00f0 fara minnkandi \u00e1 n\u00e6stu \u00e1rum.\" width=\"880\" height=\"510\" \/><p id=\"caption-attachment-703\" class=\"wp-caption-text\"><span style=\"color: #000000;\">Mynd 5b: <strong>Virkni s\u00f3lar s\u00ed\u00f0astli\u00f0in 400 \u00e1r.<\/strong> <strong>Heildar\u00fatgeislun s\u00f3lar<\/strong> (TSI, Total Solar Irradience \u00ed w\u00f6ttum \u00e1 fermetra) hefur aukist jafnt og \u00fe\u00e9tt s\u00ed\u00f0astli\u00f0in 400 \u00e1r \u00e1samt \u00fev\u00ed sem hnattr\u00e6n hl\u00fdnun hefur \u00e1tt s\u00e9r sta\u00f0 s\u00ed\u00f0ustu \u00f6ld.\u00a0 \u00a0 \u00a0 \u00a0 \u00a0 \u00a0 \u00a0 \u00a0 \u00a0 \u00a0\u00a0 \u00dea\u00f0 er merkileg tilviljun hve vel \u00feessi ferill samsvarar breytingum \u00ed lofthita yfir sama t\u00edmabil.<br \/>\u00cd st\u00f3rum dr\u00e1ttum sj\u00e1um vi\u00f0 Maunder l\u00e1gmarki\u00f0 1650-1700 og kaldasta t\u00edmabil Litlu \u00edsaldar, Dalton l\u00e1gmarki\u00f0 \u00feegar hi\u00f0 fr\u00e6ga &#8220;year without a summer&#8221; var 1816 (reyndar mikil eldgos einnig \u00fe\u00e1), kuldaskei\u00f0 \u00feegar vesturfer\u00f0ir \u00cdslendinga st\u00f3\u00f0u sem h\u00e6st, og hl\u00fdindin fr\u00e1 mi\u00f0ri s\u00ed\u00f0ustu \u00f6ld. Allt saman au\u00f0vita\u00f0 tilviljun &#8211; e\u00f0a \u00feannig&#8230;\u00a0 \u00a0 \u00a0 Sj\u00e1 n\u00e1nar h\u00e9r var\u00f0andi \u00fatsk\u00fdringar og heimildir:\u00a0 <a href=\"https:\/\/www.climate4you.com\/Sun.htm\">https:\/\/www.climate4you.com\/Sun.htm<\/a><\/span><\/p><\/div>\n<p>&nbsp;<\/p>\n<div id=\"attachment_3670\" style=\"width: 890px\" class=\"wp-caption aligncenter\"><img aria-describedby=\"caption-attachment-3670\" loading=\"lazy\" class=\"size-full wp-image-3670\" src=\"http:\/\/www.agust.net\/wordpress\/wp-content\/uploads\/2015\/12\/TSI-LASP-Since2003.gif\" alt=\"\" width=\"880\" height=\"622\" \/><p id=\"caption-attachment-3670\" class=\"wp-caption-text\"><span style=\"color: #000000;\">Mynd 5b1: <strong>Virkni s\u00f3lar fr\u00e1 \u00e1rinu 2003<\/strong>. Myndin h\u00e9r n\u00e6st fyrir ofan n\u00e1\u00f0i a\u00f0eins til \u00e1rsins 2014, en h\u00e9r n\u00e6r ferillinn fr\u00e1 2003 til 2020.<\/span><\/p><\/div>\n<p>&nbsp;<\/p>\n<div id=\"attachment_3062\" style=\"width: 692px\" class=\"wp-caption aligncenter\"><img aria-describedby=\"caption-attachment-3062\" loading=\"lazy\" class=\"size-full wp-image-3062\" src=\"http:\/\/www.agust.net\/wordpress\/wp-content\/uploads\/2015\/12\/The-Sun-is-more-active-now-than-over-the-last-8000-years-_-Max-Planck-Gesellschaft-B.png\" alt=\"\" width=\"686\" height=\"831\" srcset=\"http:\/\/www.agust.net\/wordpress\/wp-content\/uploads\/2015\/12\/The-Sun-is-more-active-now-than-over-the-last-8000-years-_-Max-Planck-Gesellschaft-B.png 686w, http:\/\/www.agust.net\/wordpress\/wp-content\/uploads\/2015\/12\/The-Sun-is-more-active-now-than-over-the-last-8000-years-_-Max-Planck-Gesellschaft-B-248x300.png 248w\" sizes=\"(max-width: 686px) 100vw, 686px\" \/><p id=\"caption-attachment-3062\" class=\"wp-caption-text\"><span style=\"color: #000000;\">Mynd 5c: <strong>Virkni s\u00f3lar s\u00ed\u00f0astli\u00f0in 11.400 \u00e1r, e\u00f0a fr\u00e1 lokum s\u00ed\u00f0ustu \u00cdsaldar<\/strong>.\u00a0 \u00a0 \u00a0 \u00a0 \u00a0 \u00a0 Beri\u00f0 \u00feessa mynd saman vi\u00f0 Mynd 1a. sem er n\u00e6st efst \u00e1 \u00feessari s\u00ed\u00f0u og s\u00fdnir breytingar \u00e1 hitafari yfir sama t\u00edmabil.\u00a0 \u00a0 \u00a0 \u00a0 \u00a0 \u00a0 \u00a0 Myndin er fr\u00e1 hinni virtu stofnun <a href=\"https:\/\/www.mps.mpg.de\/en\" data-ved=\"2ahUKEwigqIq2mtDuAhUNrqQKHSEMCvcQFjAAegQIBBAC\">Max Planck Institute for Solar System Research<\/a>.\u00a0 \u00a0 \u00a0 \u00a0 \u00a0 \u00a0Greinin er h\u00e9r:\u00a0 \u00a0<a href=\"https:\/\/www.mpg.de\/research\/sun-activity-high\">The Sun is more active now than over the last 8000 years.<\/a><br \/>\u00a0\u00a0<\/span><\/p><\/div>\n<p>&nbsp;<\/p>\n<p>&nbsp;<\/p>\n<div id=\"attachment_3066\" style=\"width: 1930px\" class=\"wp-caption aligncenter\"><img aria-describedby=\"caption-attachment-3066\" loading=\"lazy\" class=\"size-full wp-image-3066\" src=\"http:\/\/www.agust.net\/wordpress\/wp-content\/uploads\/2015\/12\/Carbon14_with_activity_labels.svg_.png\" alt=\"\" width=\"1920\" height=\"705\" srcset=\"http:\/\/www.agust.net\/wordpress\/wp-content\/uploads\/2015\/12\/Carbon14_with_activity_labels.svg_.png 1920w, http:\/\/www.agust.net\/wordpress\/wp-content\/uploads\/2015\/12\/Carbon14_with_activity_labels.svg_-300x110.png 300w, http:\/\/www.agust.net\/wordpress\/wp-content\/uploads\/2015\/12\/Carbon14_with_activity_labels.svg_-1024x376.png 1024w, http:\/\/www.agust.net\/wordpress\/wp-content\/uploads\/2015\/12\/Carbon14_with_activity_labels.svg_-768x282.png 768w, http:\/\/www.agust.net\/wordpress\/wp-content\/uploads\/2015\/12\/Carbon14_with_activity_labels.svg_-1536x564.png 1536w\" sizes=\"(max-width: 1920px) 100vw, 1920px\" \/><p id=\"caption-attachment-3066\" class=\"wp-caption-text\"><span style=\"color: #000000;\">Mynd 5d: <\/span><strong><span style=\"color: #000000;\">S\u00f3lvirknin s\u00ed\u00f0astli\u00f0i\u00f0 \u00e1r\u00fe\u00fasund. <\/span><\/strong><span style=\"color: #000000;\">Ferillinn n\u00e6r um \u00fea\u00f0 bil yfir t\u00edmabili\u00f0 900-1950. Var\u00f0andi hitafar m\u00e1 hafa mynd 2d: <em>Hnattr\u00e6nar hitabreytingar s\u00ed\u00f0astli\u00f0in 2000 \u00e1r,\u00a0 <\/em>til hli\u00f0sj\u00f3nar en hafa \u00ed huga a\u00f0 a\u00f0 s\u00e1 ferill n\u00e6r yfir n\u00e6stum tv\u00f6falt lengra t\u00edmabil.<\/span><\/p><\/div>\n<p>&nbsp;<\/p>\n<p>Breyting \u00ed heildar\u00fatgeislun er a\u00f0eins um 0,1% en breyting \u00ed \u00fatfj\u00f3lubl\u00e1a lj\u00f3sinu yfir 11 \u00e1ra s\u00f3lsveiflu er um t\u00edf\u00f6ld e\u00f0a 1000%. \u00a0\u00a0Jafnvel tv\u00f6falt \u00fea\u00f0 eins og s\u00e9st \u00e1 <strong>mynd 5c<\/strong> fr\u00e1 jap\u00f6nsku geimfer\u00f0astofnuninni.<\/p>\n<div id=\"attachment_704\" style=\"width: 646px\" class=\"wp-caption aligncenter\"><img aria-describedby=\"caption-attachment-704\" loading=\"lazy\" class=\"size-full wp-image-704\" src=\"http:\/\/www.agust.net\/wordpress\/wp-content\/uploads\/2015\/12\/11_year_uv_cycles.jpg\" alt=\"Mynd 8: 20-f\u00f6ld breyting \u00e1 \u00fatfj\u00f3lubl\u00e1rri \u00fatgeislun s\u00f3lar yfir 11 \u00e1ra t\u00edmabil.\" width=\"640\" height=\"360\" srcset=\"http:\/\/www.agust.net\/wordpress\/wp-content\/uploads\/2015\/12\/11_year_uv_cycles.jpg 640w, http:\/\/www.agust.net\/wordpress\/wp-content\/uploads\/2015\/12\/11_year_uv_cycles-300x168.jpg 300w, http:\/\/www.agust.net\/wordpress\/wp-content\/uploads\/2015\/12\/11_year_uv_cycles-460x260.jpg 460w\" sizes=\"(max-width: 640px) 100vw, 640px\" \/><p id=\"caption-attachment-704\" class=\"wp-caption-text\"><span style=\"color: #000000;\">Mynd 5e: 20-f\u00f6ld breyting \u00e1 \u00fatfj\u00f3lubl\u00e1rri \u00fatgeislun s\u00f3lar yfir 11 \u00e1ra t\u00edmabil.<\/span><\/p><\/div>\n<p>S\u00f3lvirknin hefur minnka\u00f0 hratt \u00e1 s\u00ed\u00f0ustu \u00e1rum.\u00a0 Er \u00fea\u00f0 forbo\u00f0i \u00feess a\u00f0 h\u00e1markinu s\u00e9 n\u00e1\u00f0 og hl\u00fdskei\u00f0i\u00f0 a\u00f0 ganga ni\u00f0ur, eins og \u00fea\u00f0 ger\u00f0i fyrir 1000, 2000 og 3000 \u00e1rum eftir nokkurra \u00e1ratuga l\u00f6ng g\u00f3\u00f0\u00e6ri? \u00a0\u00dev\u00ed hafa \u00fdmsir v\u00edsindamenn sp\u00e1\u00f0, en f\u00e1ir hlusta\u00f0. Fari svo, \u00fe\u00e1 mun \u00fea\u00f0 koma \u00ed lj\u00f3s innan \u00e1ratugar.<\/p>\n<p><strong>\u00a0<\/strong><\/p>\n<p>&nbsp;<\/p>\n<div id=\"attachment_2415\" style=\"width: 890px\" class=\"wp-caption aligncenter\"><img aria-describedby=\"caption-attachment-2415\" loading=\"lazy\" class=\"size-full wp-image-2415\" src=\"http:\/\/www.agust.net\/wordpress\/wp-content\/uploads\/2015\/12\/AllCompared-GlobalMonthlyTempSince1958-AndCO2.gif\" alt=\"\" width=\"880\" height=\"638\" \/><p id=\"caption-attachment-2415\" class=\"wp-caption-text\"><span style=\"color: #000000;\">Mynd 5f:\u00a0 Koltv\u00eds\u00fdringur \u00ed andr\u00famsloftinu hefur aukist samfellt \u00e1 undanf\u00f6rnum \u00e1ratugum. Ferillinn er fr\u00e1 www.climate4you.com<\/span><br \/><span style=\"color: #000000;\"><span lang=\"EN-GB\"><i>Superimposed plot of five different global monthly temperature estimates shown individually\u00a0<a style=\"color: #000000;\" href=\"http:\/\/www.climate4you.com\/GlobalTemperatures.htm#Estimates%20of%20recent%20global%20temperature%20change\">elsewhere<\/a>. As the base period differs for these estimates, they have all been normalised by comparing to the average of their initial 120 months (10 years) from January 1979 to December 198<\/i><i>8<\/i><i>.<\/i>\u00a0<i><a style=\"color: #000000;\" href=\"http:\/\/www.climate4you.com\/GlobalTemperatures.htm#Comparing%20global%20temperature%20estimates\">Click here<\/a>\u00a0to go to the associated comparison of these five temperature records. The heavy black line represents the simple running 37 month (c. 3 year) mean of the average of all temperature estimates (before 1979 only the three surface records). The blue graph shows the amount of atmospheric CO<sub>2<\/sub>\u00a0(<a style=\"color: #000000;\" href=\"http:\/\/www.esrl.noaa.gov\/gmd\/ccgg\/trends\/\" target=\"_blank\" rel=\"noopener noreferrer\">Mauna Loa station<\/a>, Hawaii, see also\u00a0<a style=\"color: #000000;\" href=\"http:\/\/www.climate4you.com\/GreenhouseGasses.htm#CO2%20montly%20since%201958\">above<\/a>). The heavy blue line represents the simple running 37 month (c. 3 year) mean of the monthly CO<\/i><\/span><i><span lang=\"EN-GB\"><sub>2<\/sub><\/span><\/i><i>-values.\u00a0<\/i><i><span lang=\"EN-GB\">The scale for atmospheric CO<sub>2<\/sub>\u00a0(right) is adjusted to display the CO<sub>2<\/sub>-graph roughly parallel to the 1975-2000 temperature increase.\u00a0<\/span>For the first two decades in the 21<sup>st<\/sup>\u00a0century a warming of about 0.2\u00b0C per decade is projected for a range of SRES emission scenarios according to the\u00a0<a style=\"color: #000000;\" href=\"http:\/\/www.ipcc.ch\/pdf\/assessment-report\/ar4\/syr\/ar4_syr_spm.pdf\" target=\"_blank\" rel=\"noopener noreferrer\">2007 IPCC Summary for Policymakers<\/a>\u00a0(p.7 and Fig.SPM.5)<\/i>.\u00a0<i><span lang=\"EN-GB\">Last month shown: September 2019. Last diagram update: 30 October 2019.<\/span><\/i>.<\/span><\/p><\/div>\n<p><strong>\u00a0<\/strong><\/p>\n<p style=\"text-align: center;\"><strong>&#8212; &#8212; &#8212;<\/strong><\/p>\n<p>&nbsp;<\/p>\n<p><strong>\u00cdsaldir koma og fara&#8230;.<\/strong><\/p>\n<p>Kenning Milankovitch \u00e1 kannski ekki heima h\u00e9r, \u00fev\u00ed vi\u00f0 h\u00f6fum veri\u00f0 a\u00f0 sko\u00f0a tilt\u00f6lulega stutt t\u00edmbil. L\u00e1tum \u00fe\u00f3 va\u00f0a&#8230;<\/p>\n<p>Hvernig v\u00e6ri a\u00f0 skyggnast 200.000 \u00e1r aftur \u00ed t\u00edmann, og reyndar 100.000 \u00e1r fram \u00ed t\u00edmann! Hvernig \u00ed \u00f3sk\u00f6punum er \u00fea\u00f0 h\u00e6gt? J\u00fa me\u00f0 \u00fev\u00ed a\u00f0 sko\u00f0a breytingar \u00e1 innbyr\u00f0is afst\u00f6\u00f0u jar\u00f0ar og s\u00f3lar.<br \/>\nReyndar var fyrst og fremst \u00e6tlunin a\u00f0 fjalla um ve\u00f0urfar n\u00fat\u00edmans me\u00f0 tilliti til umfj\u00f6llunar um svok\u00f6llu\u00f0 gr\u00f3\u00f0urh\u00fasa\u00e1hrif. \u00dea\u00f0 getur \u00fe\u00f3 veri\u00f0 fr\u00f3\u00f0legt a\u00f0 sko\u00f0a hva\u00f0a hugmyndir menn hafa um ve\u00f0urfar fyrir \u00f3ral\u00f6ngu, og hvernig menn hafa reynt a\u00f0 sk\u00fdra \u00e1st\u00e6\u00f0ur fyrir gr\u00ed\u00f0armiklum sveiflum \u00ed ve\u00f0urfari, sem valdi\u00f0 hafa \u00eds\u00f6ldum og hl\u00fdindaskei\u00f0um \u00e1 v\u00edxl.<\/p>\n<p>\u00c1ri\u00f0 1941 setti st\u00e6r\u00f0fr\u00e6\u00f0ingurinn Milutin Milankovitch fram kenningu sem sk\u00fdrt getur hvers vegna mikil k\u00f3lnun ver\u00f0ur me\u00f0 tilt\u00f6lulega l\u00f6ngu millibili. Hann reikna\u00f0i \u00fat samanl\u00f6g\u00f0 \u00e1hrif breytinga \u00e1 m\u00f6ndulhalla (obliquity, 41.000 \u00e1ra sveifla), m\u00f6ndulveltu (precession, sbr. skopparakringlu, 19-21,000 \u00e1ra sveifla) og braut jar\u00f0ar umhverfis s\u00f3lu (eccentricity, 100.000 \u00e1ra sveifla).\u00a0 \u00a0 Sj\u00e1 mynd 5e.<\/p>\n<p>Ni\u00f0ursta\u00f0an s\u00fdnir hven\u00e6r l\u00edkur eru \u00e1 k\u00f6ldum og heitum t\u00edmabilum, og a\u00f0 \u00e1 kuldaskei\u00f0um f\u00e1 sta\u00f0ir \u00e1 60\u00b0N a\u00f0eins sama varma fr\u00e1 s\u00f3linni (insolation) og sta\u00f0ir \u00e1 80\u00b0N f\u00e1 n\u00fa!<\/p>\n<p>\u00c1hrif m\u00f6ndulveltu og m\u00f6ndulhalla gera \u00fea\u00f0 a\u00f0 verkum, a\u00f0 anna\u00f0 slagi\u00f0 hallar j\u00f6r\u00f0in l\u00edti\u00f0 m\u00f3ti s\u00f3lu a\u00f0 sumri til, og ver\u00f0ur sumarhitinn \u00fev\u00ed l\u00e1gur.<\/p>\n<p>S\u00ed\u00f0ari ranns\u00f3knir s\u00fdna a\u00f0 fj\u00f6ldi sm\u00e6rri \u00e1hrifa hefur \u00e1hrif \u00e1 heildarmyndina, en kenning Milankovitch er samt sem \u00e1\u00f0ur mj\u00f6g \u00e1hugaver\u00f0 og vel \u00feekkt.<\/p>\n<p>J\u00e6ja, hven\u00e6r megum vi\u00f0 eiga von \u00e1 n\u00e6stu \u00eds\u00f6ld samkv\u00e6mt \u00feessari kenningu? Sko\u00f0a\u00f0u vel ne\u00f0sta ferilinn!<\/p>\n<p>Eins og m\u00f6rgum er kunnugt, \u00fe\u00e1 vir\u00f0ist sem \u00edsaldir hafi skolli\u00f0 \u00e1 me\u00f0 litlum fyrirvara \u00e1 a\u00f0eins nokkrum \u00e1ratugum. Ranns\u00f3knir \u00e1 borkj\u00f6rnum fr\u00e1 Gr\u00e6nlandsj\u00f6kli hafa leitt \u00feetta \u00ed lj\u00f3s. Getur veri\u00f0 a\u00f0 s\u00f3lin hafi komi\u00f0 \u00fear n\u00e6rri og hj\u00e1lpa\u00f0 til vi\u00f0 a\u00f0 setja ferli\u00f0 af sta\u00f0 me\u00f0 langvarandi kuldakasti \u00e1 sama t\u00edma og afsta\u00f0a jar\u00f0ar og s\u00f3lar var \u00f3hagst\u00e6\u00f0 samkv\u00e6mt l\u00edkani Milankovitch? Eins og vi\u00f0 s\u00e1um h\u00e9r \u00e1 undan, \u00fe\u00e1 getur s\u00f3lin veri\u00f0 ansi dynt\u00f3tt!<\/p>\n<p>Kenning Milankovitch \u00e1 \u00fe\u00f3 ekki vi\u00f0 um breytingar \u00e1 hitafari s\u00ed\u00f0ustu alda og \u00e1ratuga.<\/p>\n<p>&nbsp;<\/p>\n<div id=\"attachment_2695\" style=\"width: 571px\" class=\"wp-caption aligncenter\"><img aria-describedby=\"caption-attachment-2695\" loading=\"lazy\" class=\"size-full wp-image-2695\" src=\"http:\/\/www.agust.net\/wordpress\/wp-content\/uploads\/2015\/12\/Milankovitch.png\" alt=\"Kenning Milankowitch\" width=\"565\" height=\"457\" srcset=\"http:\/\/www.agust.net\/wordpress\/wp-content\/uploads\/2015\/12\/Milankovitch.png 565w, http:\/\/www.agust.net\/wordpress\/wp-content\/uploads\/2015\/12\/Milankovitch-300x243.png 300w\" sizes=\"(max-width: 565px) 100vw, 565px\" \/><p id=\"caption-attachment-2695\" class=\"wp-caption-text\"><span style=\"color: #000000;\">Mynd 5g: <strong>Kenning Milutin Milankovitch<\/strong> um \u00e1st\u00e6\u00f0ur \u00edsalda er vel \u00feekkt. Me\u00f0 \u00fatreikningum er h\u00e6gt a\u00f0 finna mismunandi hitunar\u00e1hrif s\u00f3lar \u00e1 nor\u00f0urhvel jar\u00f0ar. M\u00f6ndulhalli, m\u00f6ndulvelta og braut jar\u00f0ar breytast me\u00f0 t\u00edmanum.<\/span><br \/><span style=\"color: #000000;\">\u00c1 myndinni h\u00e9r til hli\u00f0ar sj\u00e1um vi\u00f0 hvernig \u00feessir \u00fer\u00edr \u00fe\u00e6ttir leggjast saman og mynda samsetta ferilinn sem er ne\u00f0st. T\u00edmaskalinn n\u00e6r 200.000 \u00e1r aftur \u00ed t\u00edmann og 100.000 \u00e1r fram \u00ed t\u00edmann. (L\u00f3\u00f0r\u00e9tti \u00e1sinn er merktur: W\u00f6tt \u00e1 fermetra \u00e1 60\u00b0N)<\/span><\/p><\/div>\n<p>&nbsp;<\/p>\n<p>&nbsp;<\/p>\n<p>&nbsp;<\/p>\n<p>&nbsp;<\/p>\n<p style=\"text-align: center;\"><strong>\u00a0&#8212; &#8212; &#8212;<\/strong><\/p>\n<p>&nbsp;<\/p>\n<h2><span style=\"color: #0000ff;\"><strong>6. \u00c1hrif aukningar CO<sub>2<\/sub><\/strong><\/span><\/h2>\n<p>&nbsp;<\/p>\n<p><strong><span style=\"color: #0000ff;\">Hva\u00f0 merkir \u00fea\u00f0 \u00e1 mannam\u00e1li a\u00f0 styrkur CO2 \u00ed andr\u00famsloftinu s\u00e9 415 ppm, en \u00fea\u00f0 er magn CO2 \u00ed andr\u00famsloftinu \u00ed lok \u00e1rs 2021<\/span>?<\/strong><\/p>\n<p><strong>Skilur einhver \u00fe\u00e1 st\u00e6r\u00f0? Er \u00fea\u00f0 miki\u00f0 e\u00f0a l\u00edti\u00f0?<\/strong> L\u00edklega gera f\u00e1ir s\u00e9r grein fyrir hva\u00f0 \u00feetta \u00fe\u00fd\u00f0ir \u00e1 mannam\u00e1li. Reynum a\u00f0 \u00fatsk\u00fdra \u00fea\u00f0:<\/p>\n<p>Vissulega vir\u00f0ist 415 ppm vera st\u00f3r tala, en getur veri\u00f0 a\u00f0 h\u00fan s\u00e9 \u00f6rsm\u00e1?<\/p>\n<p>415 ppm \u00fe\u00fd\u00f0ir 415<span style=\"font-size: 13px;\"> millj\u00f3nustu hlutar en \u00fea\u00f0 er a\u00f0eins 0,0415 %, e\u00f0a \u00fev\u00ed sem n\u00e6st 0,04 %. \u00dea\u00f0 eru heil 10.000 ppm \u00ed 1%.\u00a0 Skammst\u00f6funin ppm stendur fyrir &#8220;parts per million&#8221;.<\/span><\/p>\n<p>Me\u00f0 \u00f6\u00f0rum or\u00f0um:\u00a0<strong>A\u00f0eins 41 sameind af hverjum 100.000 sameindum andr\u00famloftsins er CO2.<\/strong><\/p>\n<p>Mi\u00f0a\u00f0 vi\u00f0 n\u00faverandi hra\u00f0a \u00e1 losun manna \u00e1 CO2 tekur \u00fea\u00f0 um \u00ferj\u00fa \u00e1r a\u00f0 b\u00e6ta vi\u00f0 einni sameind af 100.000, \u00feannig a\u00f0 eftir \u00ferj\u00fa \u00e1r ver\u00f0a v\u00e6ntanlega um 42 sameindir af hverjum 100.000 koltv\u00eds\u00fdringur.<\/p>\n<p>Magn CO2 hefur aukist fr\u00e1 0,0280 % \u00ed 0,0415 % fr\u00e1 \u00fev\u00ed menn f\u00f3ru a\u00f0 brenna kolum og ol\u00edu eftir a\u00f0 i\u00f0nbyltingin h\u00f3fst fyrir um 250 \u00e1rum, en oft er mi\u00f0a\u00f0 vi\u00f0 sm\u00ed\u00f0i fyrstu gufuv\u00e9larinnar um 1770.<\/p>\n<p>\u00dear sem \u00fea\u00f0 er au\u00f0veldara a\u00f0 segja og skrifa 415 ppm en 0,0415 % er venjan a\u00f0 nota fyrri framsetninguna.<\/p>\n<p><strong>\u00c1 myndinni h\u00e9r fyrir ne\u00f0an m\u00e1 sj\u00e1 hvernig styrkur CO2 \u00ed andr\u00famsloftinu hefur aukist s\u00ed\u00f0an reglulegar m\u00e6lingar h\u00f3fust.<\/strong> \u00a0Taki\u00f0 eftir a\u00f0 l\u00f3\u00f0r\u00e9tti skalinn byrjar \u00ed 310 ppm, en ekki \u00ed 0 ppm.<\/p>\n<div id=\"attachment_3474\" style=\"width: 682px\" class=\"wp-caption aligncenter\"><img aria-describedby=\"caption-attachment-3474\" loading=\"lazy\" class=\"size-full wp-image-3474\" src=\"http:\/\/www.agust.net\/wordpress\/wp-content\/uploads\/2015\/12\/co2_data_mlo.png\" alt=\"\" width=\"676\" height=\"509\" srcset=\"http:\/\/www.agust.net\/wordpress\/wp-content\/uploads\/2015\/12\/co2_data_mlo.png 676w, http:\/\/www.agust.net\/wordpress\/wp-content\/uploads\/2015\/12\/co2_data_mlo-300x226.png 300w\" sizes=\"(max-width: 676px) 100vw, 676px\" \/><p id=\"caption-attachment-3474\" class=\"wp-caption-text\"><span style=\"color: #000000;\">Mynd 6a. Styrkur CO2 hefur veri\u00f0 m\u00e6ldur \u00e1 Mona Loa fjalli s\u00ed\u00f0an 1958.<\/span><\/p><\/div>\n<p>&nbsp;<\/p>\n<p>Til gamans er h\u00e9r fyrir ne\u00f0an \u00f6nnur mynd af aukningu CO2 \u00fear sem Y-\u00e1sinn byrjar \u00ed 0 ppm. \u00deessi framsetning er eing\u00f6ngu h\u00f6f\u00f0 h\u00e9r til a\u00f0 minna \u00e1 a\u00f0 \u00e6vinlega er nau\u00f0synlegt\u00a0 a\u00f0 sko\u00f0a vel kv\u00f6r\u00f0un \u00e1sanna, \u00fev\u00ed myndin getur veri\u00f0 villandi ef kvar\u00f0inn \u00e1 \u00feeim er valinn \u00f3heppilega.<\/p>\n<div id=\"attachment_3475\" style=\"width: 987px\" class=\"wp-caption aligncenter\"><img aria-describedby=\"caption-attachment-3475\" loading=\"lazy\" class=\"size-full wp-image-3475\" src=\"http:\/\/www.agust.net\/wordpress\/wp-content\/uploads\/2015\/12\/maunaloaco2_copy.jpg\" alt=\"\" width=\"977\" height=\"600\" srcset=\"http:\/\/www.agust.net\/wordpress\/wp-content\/uploads\/2015\/12\/maunaloaco2_copy.jpg 977w, http:\/\/www.agust.net\/wordpress\/wp-content\/uploads\/2015\/12\/maunaloaco2_copy-300x184.jpg 300w, http:\/\/www.agust.net\/wordpress\/wp-content\/uploads\/2015\/12\/maunaloaco2_copy-768x472.jpg 768w\" sizes=\"(max-width: 977px) 100vw, 977px\" \/><p id=\"caption-attachment-3475\" class=\"wp-caption-text\"><span style=\"color: #000000;\">Mynd 6b. Sama mynd og h\u00e9r a\u00f0 ofan, nema a\u00f0 l\u00f3\u00f0r\u00e9tti \u00e1sinn byrjar \u00ed 0.<\/span><\/p><\/div>\n<p>&nbsp;<\/p>\n<p><span style=\"color: #0000ff;\"><strong>Ef\u00a0<em>tv\u00f6f\u00f6ldun<\/em>\u00a0CO2 veldur 1\u00b0C h\u00e6kkun hvernig m\u00e1 \u00fea\u00f0 vera a\u00f0\u00a0<em>fj\u00f3rf\u00f6ldun<\/em>\u00a0veldur a\u00f0eins 2\u00b0C h\u00e6kkun og\u00a0<em>\u00e1ttf\u00f6ldun<\/em>\u00a03\u00b0C h\u00e6kkun?<\/strong><\/span><\/p>\n<p><span style=\"font-size: xx-small;\"><span style=\"font-size: small;\"><strong>\u00deetta segir IPCC (Nefnd Sameinu\u00f0u \u00fej\u00f3\u00f0anna um loftslagsbreytingar) \u00e1 vefs\u00ed\u00f0u sinni\u00a0<a href=\"http:\/\/www.ipcc-data.org\/ddc_reporting.html\" rel=\"nofollow\"><u>h\u00e9r<\/u><\/a>:<\/strong>\u00a0<\/span><span style=\"color: #800000; font-size: small;\">Equilibrium GCM 2 x CO2 experiments commonly assume a radiative forcing equivalent to a doubling of CO2 concentration (for example from 300 ppmv to 600 ppmv). In fact the absolute concentrations are not especially important, as the temperature response to increasing CO2 concentration is logarithmic &#8211; a doubling from 500 to 1000 ppmv would have approximately the same climatic effect.<\/span><\/span><\/p>\n<p><strong>\u00c1st\u00e6\u00f0an er s\u00fa a\u00f0 sambandi\u00f0 milli hitafars lofthj\u00fapsins og styrks CO2 er logarithmiskt.<\/strong>\u00a0 \u00c1 myndinni h\u00e9r fyrir ne\u00f0an s\u00e9st \u00feetta greinilega.\u00a0\u00a0<em>Taki\u00f0 eftir a\u00f0 fyrstu 20 ppm af CO2 hafa jafnmikil \u00e1hrif \u00e1 hitastigi\u00f0 og \u00f6ll h\u00e6kkun CO2 fr\u00e1 20 ppm upp \u00ed 300 ppm!<\/em><\/p>\n<p>\u00dea\u00f0 skiptir ekki m\u00e1li hver h\u00e6kkun hitastigsins fyrir tv\u00f6f\u00f6ldun CO2\u00a0 er. Logaritmiska sambandi\u00f0 gildir alltaf eins og ferlarnir \u00fer\u00edr s\u00fdna. H\u00e6kkunin er alltaf s\u00fa sama fyrir hverja tv\u00f6f\u00f6ldun \u00ed styrk CO2.<\/p>\n<p>300 ppm -&gt; 600 ppm, h\u00e6kkun um 1\u00b0C\u00a0\u00a0\u00a0\u00a0\u00a0 (Pl\u00fas [e\u00f0a m\u00ednus] \u00e1hrif vegna &#8220;feedback&#8221; e\u00f0a afturverkunar).<br \/>\n600 ppm -&gt; 1200 ppm, h\u00e6kkun um 1\u00b0C\u00a0\u00a0\u00a0 (&#8211;&#8220;&#8211;)<br \/>\n1200 ppm -&gt; 2400 ppm, h\u00e6kkun um 1\u00b0C\u00a0 (&#8211;&#8220;&#8211;)<\/p>\n<p>&#8211; &#8211; &#8211;<\/p>\n<p style=\"text-align: left;\">(\u00c1 myndinni h\u00e9r fyrir ne\u00f0an eru \u00fer\u00edr ferlar. Me\u00f0altal h\u00e6kkunar hitastigs vi\u00f0 tv\u00f6f\u00f6ldun CO2 er um 1\u00b0C \u00e1n afturverkunar e\u00f0a &#8220;feedbacks&#8221;. \u00dea\u00f0 sem er \u00e1hugavert er hve \u00f3l\u00ednulegur ferillinn er og a\u00f0 \u00e1hrifin af h\u00e6kkandi magni CO2 fara hlutfallslega s\u00edminnkandi. Ferlarnir byrja a\u00f0 breikka \u00fear sem magni\u00f0 er or\u00f0i\u00f0 280 ppm (upphaf i\u00f0nbyltingar) og \u00e1 brei\u00f0i hluti ferlanna a\u00f0 s\u00fdna vi\u00f0b\u00f3tarhl\u00fdnun &#8220;af mannav\u00f6ldum&#8221;, \u00e1n nokkurrar afturverkunar (feedback).\u00a0 \u00cd dag er magni\u00f0 415 ppm, en yr\u00f0i 560 ppm vi\u00f0 tv\u00f6f\u00f6ldun fr\u00e1 upphafi i\u00f0nbyltingar).<\/p>\n<div id=\"attachment_3476\" style=\"width: 646px\" class=\"wp-caption aligncenter\"><img aria-describedby=\"caption-attachment-3476\" loading=\"lazy\" class=\"size-full wp-image-3476\" src=\"http:\/\/www.agust.net\/wordpress\/wp-content\/uploads\/2015\/12\/co2greenhouse-x2_copy.jpg\" alt=\"\" width=\"640\" height=\"480\" srcset=\"http:\/\/www.agust.net\/wordpress\/wp-content\/uploads\/2015\/12\/co2greenhouse-x2_copy.jpg 640w, http:\/\/www.agust.net\/wordpress\/wp-content\/uploads\/2015\/12\/co2greenhouse-x2_copy-300x225.jpg 300w\" sizes=\"(max-width: 640px) 100vw, 640px\" \/><p id=\"caption-attachment-3476\" class=\"wp-caption-text\"><span style=\"color: #000000;\">Mynd 6c. Mikilv\u00e6gt er a\u00f0 gera s\u00e9r a\u00f0 gera s\u00e9r grein fyrir a\u00f0 \u00e1hrif CO2 \u00e1 hita lofthj\u00fapsins eru logarithmisk. \u00dea\u00f0 \u00fe\u00fd\u00f0ir a\u00f0 hver tv\u00f6f\u00f6ldun styrks veldur s\u00f6mu hl\u00fdnun.<\/span><\/p><\/div>\n<p>&nbsp;<\/p>\n<p><span style=\"color: #0000ff;\"><strong>Hva\u00f0 valda\u00a0<\/strong><\/span><strong><span style=\"color: #0000ff;\"><u>n\u00e1tt\u00faruleg gr\u00f3\u00f0urh\u00fasa\u00e1hrif<\/u> mikilli h\u00e6kkun hitastigs og hve mikil g\u00e6ti h\u00e6kkun hitastigs vegna <u>vi\u00f0b\u00f3tar gr\u00f3\u00f0urh\u00fasa\u00e1hrifum af mannav\u00f6ldum<\/u>\u00a0veri\u00f0?<\/span><\/strong><\/p>\n<p>Sem betur fer eru<em>\u00a0n\u00e1tt\u00farulegu gr\u00f3\u00f0urh\u00fasa\u00e1hrifin<\/em>\u00a0veruleg, \u00fev\u00ed \u00e1n \u00feeirra v\u00e6ri ekkert l\u00edf \u00e1 j\u00f6r\u00f0inni.\u00a0<strong>Hin n\u00e1tt\u00farulegu gr\u00f3\u00f0urh\u00fasa\u00e1hrif n\u00e1 a\u00f0 h\u00e6kka me\u00f0alhita jar\u00f0ar um \u00fev\u00ed sem n\u00e6st 33\u00b0C, e\u00f0a \u00far m\u00ednus 18\u00b0 \u00ed pl\u00fas 15 gr\u00e1\u00f0ur.\u00a0\u00a0<\/strong>\u00dear \u00e1 vatnsgufan e\u00f0a rakinn \u00ed andr\u00famsloftinu l\u00edklega mestan \u00fe\u00e1tt, \u00fev\u00ed vatnsgufan veldur 70-90% gr\u00f3\u00f0urh\u00fasa\u00e1hrifanna.<\/p>\n<p class=\"\">\u00dea\u00f0 eru\u00a0<strong><em>vi\u00f0b\u00f3tar gr\u00f3\u00f0urh\u00fasa\u00e1hrifin<\/em><\/strong>\u00a0sem margir hafa \u00e1hyggjur af og stafa af losun manna \u00e1 CO2 og \u00f6\u00f0rum gr\u00f3\u00f0urh\u00fasalofttegundum.\u00a0<strong>\u00deessi vi\u00f0b\u00f3ta gr\u00f3\u00f0urh\u00fasa\u00e1hrif hafa hinga\u00f0 til n\u00e1\u00f0 a\u00f0 valda a\u00f0 h\u00e1marki um 1\u00b0C h\u00e6kkun hitastigs, en \u00ed reynd allnokku\u00f0 minni h\u00e6kkun \u00feegar n\u00e1tt\u00farulegar sveiflur hafa veri\u00f0 dregnar fr\u00e1. <\/strong>Gr\u00f3\u00f0urh\u00fasa\u00e1hrif af mannav\u00f6ldum valda \u00fev\u00ed um 1 til 3 % h\u00e6kkun hitastigs umfram \u00fea\u00f0 sem hin n\u00e1tt\u00farulegu gr\u00f3\u00f0urh\u00fasa\u00e1hrif valda, \u00fe.e. 0,5 til 1 gr\u00e1\u00f0a af 33 gr\u00e1\u00f0u h\u00e6kkun n\u00e1tt\u00farulegu gr\u00f3\u00f0urh\u00fasa\u00e1hrifanna.<\/p>\n<p><strong>\u00c1n hinna g\u00f3\u00f0u gr\u00f3\u00f0urh\u00fasa\u00e1hrifa v\u00e6ri fimbulkuldi \u00e1 j\u00f6r\u00f0inni og l\u00edti\u00f0 l\u00edfsmark.<\/strong><\/p>\n<p>&nbsp;<\/p>\n<p style=\"text-align: center;\"><strong>\u00a0&#8212; &#8212; &#8212;<\/strong><\/p>\n<p>&nbsp;<\/p>\n<h3><strong>Til umhugsunar.\u00a0 \u00a0<\/strong><strong>&#8220;Eggi\u00f0 og h\u00e6nan&#8221;.<\/strong><\/h3>\n<p>&nbsp;<\/p>\n<div id=\"attachment_3481\" style=\"width: 1161px\" class=\"wp-caption aligncenter\"><img aria-describedby=\"caption-attachment-3481\" loading=\"lazy\" class=\"size-full wp-image-3481\" src=\"http:\/\/www.agust.net\/wordpress\/wp-content\/uploads\/2015\/12\/Eggid-og-haenan.jpg\" alt=\"\" width=\"1151\" height=\"943\" srcset=\"http:\/\/www.agust.net\/wordpress\/wp-content\/uploads\/2015\/12\/Eggid-og-haenan.jpg 1151w, http:\/\/www.agust.net\/wordpress\/wp-content\/uploads\/2015\/12\/Eggid-og-haenan-300x246.jpg 300w, http:\/\/www.agust.net\/wordpress\/wp-content\/uploads\/2015\/12\/Eggid-og-haenan-1024x839.jpg 1024w, http:\/\/www.agust.net\/wordpress\/wp-content\/uploads\/2015\/12\/Eggid-og-haenan-768x629.jpg 768w\" sizes=\"(max-width: 1151px) 100vw, 1151px\" \/><p id=\"caption-attachment-3481\" class=\"wp-caption-text\">Mynd 6d. Getur veri\u00f0 a\u00f0 breytingar \u00ed lofthita komi \u00e1 undan breytingum \u00ed styrk CO2? Hva\u00f0 s\u00fdnist \u00fe\u00e9r lesandi g\u00f3\u00f0ur?<\/p><\/div>\n<div class=\"kvgmc6g5 cxmmr5t8 oygrvhab hcukyx3x c1et5uql ii04i59q\">\n<div dir=\"auto\">Myndin er fengin a\u00f0 l\u00e1ni \u00far sk\u00fdrslu pr\u00f3fessors Ole Humlum: &#8220;State of the Climate 2018&#8221;.<\/div>\n<\/div>\n<div class=\"o9v6fnle cxmmr5t8 oygrvhab hcukyx3x c1et5uql ii04i59q\">\n<div dir=\"auto\">\n<p>Myndin s\u00fdnir<strong> \u00e1rlegar <em>breytingar<\/em> \u00e1 hitastigi<\/strong> og <strong>\u00e1rlegar <em>breytingar<\/em> \u00ed styrk koltv\u00eds\u00fdrings (CO2)<\/strong>. (Ath., breytingar en ekki absolut gildi).<\/p>\n<\/div>\n<\/div>\n<div class=\"o9v6fnle cxmmr5t8 oygrvhab hcukyx3x c1et5uql ii04i59q\">\n<div dir=\"auto\">\n<p>Samkv\u00e6mt myndinni ver\u00f0a breytingar \u00ed styrk CO2 um 12 m\u00e1nu\u00f0um <strong>eftir<\/strong> a\u00f0 breytingar ver\u00f0a \u00ed hita. Breytingar \u00e1 styrk CO2 vir\u00f0ast sem sagt elta hitabreytingarnar, en ekki \u00f6fugt.<\/p>\n<\/div>\n<\/div>\n<div class=\"o9v6fnle cxmmr5t8 oygrvhab hcukyx3x c1et5uql ii04i59q\">\n<div dir=\"auto\">\n<p>\u00deetta finnst m\u00e9r umhugsunarvert. Hva\u00f0a sk\u00fdring getur veri\u00f0 \u00e1 \u00feessu?<\/p>\n<p>Sj\u00e1 greinina:\u00a0<strong> The phase relation between atmospheric carbon dioxide and global temperature<\/strong><br \/>\n<a href=\"https:\/\/www.sciencedirect.com\/science\/article\/pii\/S0921818112001658\">https:\/\/www.sciencedirect.com\/science\/article\/pii\/S0921818112001658<\/a><\/p>\n<\/div>\n<\/div>\n<div class=\"o9v6fnle cxmmr5t8 oygrvhab hcukyx3x c1et5uql ii04i59q\">\n<div dir=\"auto\">(\u00c9g b\u00e6tti inn gulu strikunum \u00e1 myndinni til a\u00f0 \u00fatsk\u00fdra \u00fea\u00f0 sem \u00e9g \u00e1 vi\u00f0).<\/div>\n<\/div>\n<p>&nbsp;<\/p>\n<p>&nbsp;<\/p>\n<p>&nbsp;<\/p>\n<h3><strong>Hin j\u00e1kv\u00e6\u00f0u \u00e1hrif aukningar CO2 \u00ed andr\u00famsloftinu.<\/strong><\/h3>\n<hr \/>\n<p>F\u00e1tt er svo me\u00f0 \u00f6llu illt, a\u00f0 ekki bo\u00f0i nokku\u00f0 gott.<\/p>\n<p>Koltv\u00eds\u00fdringur er ekki eitra\u00f0ur. Hann er undirsta\u00f0a alls l\u00edfs \u00e1 j\u00f6r\u00f0inni. \u00c1n hans yxi ekki gr\u00e6nn g\u00f3\u00f0ur og matv\u00e6laframlei\u00f0sla v\u00e6ri engin. D\u00fdral\u00edf l\u00edti\u00f0 sem ekkert og v\u00edst er a\u00f0 vi\u00f0 v\u00e6rum ekki h\u00e9r.<\/p>\n<p>Me\u00f0 hj\u00e1lp s\u00f3lar vinna pl\u00f6nturnar mj\u00f6lvi og sykur \u00far koltv\u00eds\u00fdringnum og losa fr\u00e1 s\u00e9r s\u00farefni. L\u00edfsandi plantanna er koltv\u00eds\u00fdringur, en okkar l\u00edfsandi er s\u00farefni\u00f0. \u00c1n gr\u00e6nu plantanan v\u00e6ri ekkert s\u00farefni og \u00fev\u00ed ekkert d\u00fdral\u00edf.<\/p>\n<p>Aukning koltv\u00eds\u00fdrings \u00ed andr\u00famsloftinu eykur verulega vaxtarhra\u00f0a gr\u00f3\u00f0urs. \u00dea\u00f0 hefur mj\u00f6g j\u00e1kv\u00e6\u00f0 \u00e1hrif \u00e1 matv\u00e6laframlei\u00f0slu heimsins. Ekki veitir af.<\/p>\n<p>H\u00e9r \u00e1 landi hefur gr\u00f3\u00f0ri fleygt fram \u00e1 undanf\u00f6rnum \u00e1rum. Sk\u00f3garm\u00f6rk hafa h\u00e6kka\u00f0 og v\u00ed\u00f0a m\u00e1 sj\u00e1 sj\u00e1lfs\u00e1\u00f0 tr\u00e9 vaxa upp \u00fear sem \u00e1\u00f0ur var au\u00f0n. Vi\u00f0 getum \u00feakka\u00f0 \u00fea\u00f0 b\u00e6\u00f0i h\u00e6kku\u00f0um lofthita og auknum styrk koltv\u00eds\u00fdrings.<\/p>\n<p>\u00cdslenskir gr\u00f3\u00f0urh\u00fasab\u00e6ndur vita a\u00f0 h\u00e6gt er a\u00f0 auka framlei\u00f0sluna verulega me\u00f0 \u00fev\u00ed a\u00f0 losa koltv\u00eds\u00fdring inn \u00ed gr\u00f3\u00f0urh\u00fasin. \u00deess vegana m\u00e1 i\u00f0ulega sj\u00e1 st\u00e1lgeyma e\u00f0a st\u00e6rri tanka me\u00f0 koltv\u00eds\u00fdringi fyrir utan gr\u00f3\u00f0urh\u00fasin eins og \u00e1 <strong>mynd 7<\/strong>. Inni \u00ed gr\u00f3\u00f0urh\u00fasunum er styrkur koltv\u00eds\u00fdrings tv\u00f6faldur til fj\u00f3rfaldur \u00feess sem er utan \u00feeirra. \u00cd \u00feessu \u00e1kve\u00f0na gr\u00f3\u00f0urh\u00fasi er hann um 0,09 til 0,1%, e\u00f0a 900 til 1000 ppm. Utan h\u00fassins er styrkurinn 0,04% e\u00f0a 410 ppm.<\/p>\n<div id=\"attachment_706\" style=\"width: 406px\" class=\"wp-caption aligncenter\"><img aria-describedby=\"caption-attachment-706\" loading=\"lazy\" class=\"size-full wp-image-706\" src=\"http:\/\/www.agust.net\/wordpress\/wp-content\/uploads\/2015\/12\/greenhouse-2.jpg\" alt=\"Mynd 9: Geymir me\u00f0 koltv\u00eds\u00fdringi fyrir utan \u00edslenskt gr\u00f3\u00f0urh\u00fas.\" width=\"400\" height=\"400\" srcset=\"http:\/\/www.agust.net\/wordpress\/wp-content\/uploads\/2015\/12\/greenhouse-2.jpg 400w, http:\/\/www.agust.net\/wordpress\/wp-content\/uploads\/2015\/12\/greenhouse-2-150x150.jpg 150w, http:\/\/www.agust.net\/wordpress\/wp-content\/uploads\/2015\/12\/greenhouse-2-300x300.jpg 300w, http:\/\/www.agust.net\/wordpress\/wp-content\/uploads\/2015\/12\/greenhouse-2-50x50.jpg 50w\" sizes=\"(max-width: 400px) 100vw, 400px\" \/><p id=\"caption-attachment-706\" class=\"wp-caption-text\"><span style=\"color: #000000;\">Mynd 6e: Geymir me\u00f0 koltv\u00eds\u00fdringi fyrir utan \u00edslenskt gr\u00f3\u00f0urh\u00fas.<\/span><\/p><\/div>\n<p>&nbsp;<\/p>\n<div id=\"attachment_1287\" style=\"width: 1610px\" class=\"wp-caption aligncenter\"><img aria-describedby=\"caption-attachment-1287\" loading=\"lazy\" class=\"size-full wp-image-1287\" src=\"http:\/\/www.agust.net\/wordpress\/wp-content\/uploads\/2015\/12\/woodyfourlevelsofco2enrichment.jpg\" alt=\"Mynd 10: Tilraunir hafa veri\u00f0 ger\u00f0ar \u00ed \u00fev\u00ed skyni a\u00f0 m\u00e6la vaxtarhra\u00f0a plantna vi\u00f0 mismunsandi styrk koltv\u00eds\u00fdrings. \u00c1 myndinni er veri\u00f0 a\u00f0 gera tilraunir me\u00f0 furu. Lengst til vinstri er styrkurinn s\u00e1 sami og \u00ed andr\u00famsloftinu, e\u00f0a 400 ppm (0,04%). \u00c1 n\u00e6stu mynd hefur 150 ppm veri\u00f0 b\u00e6tt vi\u00f0 \u00feannig a\u00f0 styrkurinn ver\u00f0ur 550 ppm. \u00c1 \u00feri\u00f0ju myndinni er styrkurinn or\u00f0inn 700 ppm og \u00e1 \u00feeirri fj\u00f3r\u00f0u 850 ppm, e\u00f0a meiri en tv\u00f6faldur \u00feess sem er \u00ed andr\u00famsloftinu utandyra. \u00deetta kunna pl\u00f6nturnar svo sannarlega a\u00f0 meta og vaxtarhra\u00f0inn tv\u00f6faldast.\" width=\"1600\" height=\"776\" srcset=\"http:\/\/www.agust.net\/wordpress\/wp-content\/uploads\/2015\/12\/woodyfourlevelsofco2enrichment.jpg 1600w, http:\/\/www.agust.net\/wordpress\/wp-content\/uploads\/2015\/12\/woodyfourlevelsofco2enrichment-300x146.jpg 300w, http:\/\/www.agust.net\/wordpress\/wp-content\/uploads\/2015\/12\/woodyfourlevelsofco2enrichment-768x372.jpg 768w, http:\/\/www.agust.net\/wordpress\/wp-content\/uploads\/2015\/12\/woodyfourlevelsofco2enrichment-1024x497.jpg 1024w\" sizes=\"(max-width: 1600px) 100vw, 1600px\" \/><p id=\"caption-attachment-1287\" class=\"wp-caption-text\"><span style=\"color: #000000;\">Mynd 6f: Tilraunir hafa veri\u00f0 ger\u00f0ar \u00ed \u00fev\u00ed skyni a\u00f0 m\u00e6la vaxtarhra\u00f0a plantna vi\u00f0 mismunsandi styrk koltv\u00eds\u00fdrings. \u00c1 myndinni er veri\u00f0 a\u00f0 gera tilraunir me\u00f0 furu (<em>Eldarica Pine)<\/em>. Lengst til vinstri er styrkurinn s\u00e1 sami og \u00ed andr\u00famsloftinu, e\u00f0a 400 ppm (0,04%). \u00c1 n\u00e6stu mynd hefur 150 ppm veri\u00f0 b\u00e6tt vi\u00f0 \u00feannig a\u00f0 styrkurinn ver\u00f0ur 550 ppm. \u00c1 \u00feri\u00f0ju myndinni er styrkurinn or\u00f0inn 700 ppm og \u00e1 \u00feeirri fj\u00f3r\u00f0u 850 ppm, e\u00f0a meiri en tv\u00f6faldur \u00feess sem er \u00ed andr\u00famsloftinu utandyra. \u00deetta kunna pl\u00f6nturnar svo sannarlega a\u00f0 meta og vaxtarhra\u00f0inn tv\u00f6faldast.\u00a0 \u00a0 \u00a0 \u00a0 \u00a0 \u00a0 \u00a0 \u00a0 \u00a0 \u00a0 \u00a0 \u00a0 Dr. Sherwood Idso. https:\/\/www.co2science.org\/<\/span><\/p><\/div>\n<p>&nbsp;<\/p>\n<p>Aukinn styrkur koltv\u00eds\u00fdrings og h\u00e6rri lofthiti hafa gert \u00fea\u00f0 a\u00f0 verkum a\u00f0 gr\u00f3\u00f0ur jar\u00f0ar hefur aukist. H\u00fan er a\u00f0 ver\u00f0a gr\u00e6nni samkv\u00e6mt gervihnattamyndum. Um \u00fea\u00f0 m\u00e1 lesa \u00e1 vefs\u00ed\u00f0u NASA sem nefnist <a href=\"https:\/\/earthobservatory.nasa.gov\/features\/GlobalGarden\">Global Garden Gets Greener<\/a>, en \u00fear er a\u00f0 finna <strong>mynd 7c<\/strong>.<\/p>\n<div id=\"attachment_708\" style=\"width: 2520px\" class=\"wp-caption aligncenter\"><img aria-describedby=\"caption-attachment-708\" loading=\"lazy\" class=\"size-full wp-image-708\" src=\"http:\/\/www.agust.net\/wordpress\/wp-content\/uploads\/2015\/12\/npp_change_bump_lrg.jpg\" alt=\"Mynd 10: Hin gr\u00e6nkandi j\u00f6r\u00f0 samkv\u00e6mt vefs\u00ed\u00f0u NASA.\" width=\"2510\" height=\"1257\" srcset=\"http:\/\/www.agust.net\/wordpress\/wp-content\/uploads\/2015\/12\/npp_change_bump_lrg.jpg 2510w, http:\/\/www.agust.net\/wordpress\/wp-content\/uploads\/2015\/12\/npp_change_bump_lrg-300x150.jpg 300w, http:\/\/www.agust.net\/wordpress\/wp-content\/uploads\/2015\/12\/npp_change_bump_lrg-1024x512.jpg 1024w\" sizes=\"(max-width: 2510px) 100vw, 2510px\" \/><p id=\"caption-attachment-708\" class=\"wp-caption-text\"><span style=\"color: #000000;\">Mynd 6g: Hin gr\u00e6nkandi j\u00f6r\u00f0 samkv\u00e6mt vefs\u00ed\u00f0u NASA.<\/span><\/p><\/div>\n<p>Sj\u00e1 einnig grein eftir Dr.\u00a0<a href=\"https:\/\/en.wikipedia.org\/wiki\/Patrick_Michaels\">Patrick J Michaels<\/a> \u00e1 vef Dr. <a href=\"https:\/\/en.wikipedia.org\/wiki\/Judith_Curry\">Judith Curry<\/a>: &#8220;<strong><a href=\"https:\/\/judithcurry.com\/2018\/09\/19\/the-most-amazing-greening-on-earth\/\">The most amazing greening on Earth<\/a><\/strong>&#8220;.<br \/>\n\u00dear eru \u00e1hugaver\u00f0ar myndir.<\/p>\n<p>H\u00f6fum \u00fea\u00f0 hugfast a\u00f0 koltv\u00eds\u00fdringur, undirsta\u00f0a l\u00edfs \u00e1 j\u00f6r\u00f0inni, er ekki mengun. Magn koltv\u00eds\u00fdrings \u00ed andr\u00famsloftinu m\u00e6list n\u00fa 0,04%. \u00a0 \u00a0Munum einnig a\u00f0 vi\u00f0 erum \u00ed n\u00e1b\u00fdli vi\u00f0 stj\u00f6rnu sem vi\u00f0 k\u00f6llum s\u00f3l. S\u00f3lin veitir okkur birtu og yl\u00a0sem breytist me\u00f0 sveiflum sem n\u00e1 yfir \u00e1ratugi, \u00e1rhundru\u00f0 og \u00e1r\u00fe\u00fasund. Munum eftir sveiflum \u00ed Atlantshafinu og Kyrrahafinu. Munum eftir sveiflum \u00ed \u00fatbrei\u00f0slu haf\u00ediss og breytlegu endurskini. \u00a0 Munum eftir&#8230;<\/p>\n<p>&nbsp;<\/p>\n<p>&nbsp;<\/p>\n<h2><span style=\"color: #0000ff;\"><strong>7. Samantekt<\/strong><\/span><\/h2>\n<p><span style=\"color: #008000;\">\u00cd fyrirs\u00f6gn var spurt: <strong>Loftslagsbreytingar af v\u00f6ldum manna e\u00f0a n\u00e1tt\u00faru, e\u00f0a kannski hvort tveggja?\u00a0<\/strong><\/span><\/p>\n<p><span style=\"color: #008000;\">\u00c6tli svari\u00f0 s\u00e9 ekki &#8220;hvort tveggja&#8221;.<\/span><\/p>\n<p><span style=\"color: #008000;\"><a style=\"color: #008000;\" href=\"http:\/\/agbjarn.blog.is\/blog\/agbjarn\/entry\/1279981\/\" rel=\"nofollow\">\u00c1\u00f0ur<\/a>\u00a0hefur s\u00e1 sem h\u00e9r ritar gert \u00fev\u00ed sk\u00f3na a\u00f0 skiptingin g\u00e6ti hafa veri\u00f0\u00a0veri\u00f0 milli eftirfarinna \u00fe\u00e1tta undanfarna \u00e1ratugi:<\/span><\/p>\n<p>&nbsp;<\/p>\n<ol>\n<li><span style=\"color: #800000;\"><strong>Ytri sveiflur<\/strong> sem v\u00e6ru \u00fe\u00e1 helst breytingar \u00ed s\u00f3linni.<\/span><\/li>\n<li><span style=\"color: #800000;\"><strong>Innri sveiflur <\/strong>svo sem breytingar \u00ed hafstraumum og breytingar \u00ed haf\u00eds\/endurskini eins og P\u00e1ll Berg\u00fe\u00f3rsson hefur bent \u00e1.<\/span><\/li>\n<li><span style=\"color: #800000;\">St\u00edgandi sem stafar af s\u00edfelt meiri losun \u00e1 <strong>koltv\u00eds\u00fdringi<\/strong>.<\/span><\/li>\n<\/ol>\n<p>&nbsp;<\/p>\n<p><span style=\"color: #008000;\"><strong>\u00deetta er semsagt fl\u00f3ki\u00f0 samspil n\u00e1tt\u00farulegra fyrirb\u00e6ra og \u00e1hrifa losunar manna \u00e1 koltv\u00eds\u00fdringi.<\/strong><\/span><\/p>\n<p><span style=\"color: #0000ff;\">Hve miki\u00f0 hver \u00feessara \u00feriggja \u00fe\u00e1tta vegur er \u00f3m\u00f6gulegt a\u00f0 segja.\u00a0 <strong>Vi\u00f0 getum \u00feess vegna til einf\u00f6ldunar og br\u00e1\u00f0abirg\u00f0a sagt a\u00f0 hver \u00fe\u00e1ttur valdi svo sem &#8220;\u00feri\u00f0jungi&#8221;,<\/strong> en au\u00f0vita\u00f0 er \u00fea\u00f0 bara \u00f3r\u00f6kstudd \u00e1giskun \u00fear til vi\u00f0 vitum betur.<\/span><span style=\"color: #0000ff;\">..\u00a0 Hva\u00f0 &#8220;\u00feri\u00f0jungur&#8221; er n\u00e1kv\u00e6mlega geta menn haft s\u00edna sko\u00f0un \u00e1, m\u00e9r og m\u00ednum a\u00f0 meinalausu.<\/span><\/p>\n<p><span style=\"color: #0000ff;\">Sj\u00e1lfur tel \u00e9g a\u00f0 bein og \u00f3bein \u00e1hrif s\u00f3lar s\u00e9u verulega vanmetin, og a\u00f0 \u00fea\u00f0 eigi eftir a\u00f0 koma \u00f3tv\u00edr\u00e6tt \u00ed lj\u00f3s. N\u00e1tt\u00faran mun hafa s\u00ed\u00f0asta or\u00f0i\u00f0 :-).<\/span><\/p>\n<p>Vi\u00f0 sj\u00e1um greinilega \u00e1 hitaferlinum fr\u00e1 Bresku Ve\u00f0urstofunni (<strong>mynd 3a<\/strong>) a\u00f0 Litlu \u00cds\u00f6ldinni l\u00fdkur ekki fyrr en um 1920, \u00fe\u00e1 ver\u00f0ur mj\u00f6g hr\u00f6\u00f0 hl\u00fdnun fram a\u00f0 1945, s\u00ed\u00f0an kyrrsta\u00f0a til um 1975 er hitinn fer a\u00f0 r\u00edsa hratt til \u00e1rsins 2000, og a\u00f0 lokum meira og minna kyrrsta\u00f0a til dagsins \u00ed dag.<\/p>\n<p>Eftirtektarvert er a\u00f0 \u00e1 t\u00edmabilinu 1920 til 1945 er \u00e1l\u00edka hr\u00f6\u00f0 og \u00e1l\u00edka mikil h\u00e6kkun \u00e1 hitastigi og \u00e1 t\u00edmabilinu 1975 til 2000. Hvort tveggja 25 \u00e1ra t\u00edmabil. \u00dea\u00f0 er umhugsunarvert a\u00f0 losun manna \u00e1 koltv\u00eds\u00fdringi var tilt\u00f6lulega l\u00edtil fyrr en eftir mi\u00f0ja s\u00ed\u00f0ustu \u00f6ld er losunin f\u00f3r hratt vaxandi. \u00dea\u00f0 fl\u00e6kir au\u00f0vita\u00f0 m\u00e1li\u00f0 d\u00e1l\u00edti\u00f0.\u00a0 Var \u00fea\u00f0 kannski n\u00e1tt\u00faran sem var a\u00f0 verki \u00e1 fyrra t\u00edmabilinu og mannf\u00f3lki\u00f0 \u00e1 hinu s\u00ed\u00f0ara?\u00a0 E\u00f0a \u00e1 n\u00e1tt\u00faran einhvern \u00fe\u00e1 \u00ed hitabreytingunum yfir allt t\u00edmabili\u00f0? \u00dea\u00f0 hefur h\u00fan alltaf gert.<\/p>\n<p>Vi\u00f0 t\u00f6kum eftir \u00fev\u00ed a\u00f0 me\u00f0alhitinn yfir allt t\u00edmabili\u00f0 er nokkurn vegin s\u00e1 sami og m\u00e6ldist \u00ed kyrrst\u00f6\u00f0unni 1945-1975. V\u00e6ri ekki e\u00f0lilegra a\u00f0 mi\u00f0a h\u00e6kkun lofthitans vi\u00f0 \u00fea\u00f0 t\u00edmabil frekar en Litlu \u00cds\u00f6ldina eins og gert er?\u00a0 \u00de\u00e1 v\u00e6ri h\u00e6kkunin sem vi\u00f0 v\u00e6rum me\u00f0 \u00e1hyggjur af um 0,5 gr\u00e1\u00f0ur \u00ed sta\u00f0 1 gr\u00e1\u00f0u.<\/p>\n<p><span style=\"color: #0000ff;\">\u00deri\u00f0jungur af 0,5 gr\u00e1\u00f0um er t\u00e6plega 0,2 gr\u00e1\u00f0ur, (0,17\u00b0). Ekki er \u00fea\u00f0 n\u00fa miki\u00f0. Getur veri\u00f0 a\u00f0 \u00e1hrif koltv\u00eds\u00fdrings hafi ekki veri\u00f0 meiri?\u00a0 \u00a0Hummm&#8230;\u00a0 \u00a0 Ekki skal neitt fullyrt \u00ed \u00fessum m\u00e1lum. (N\u00fa er ma\u00f0ur kominn \u00e1 h\u00e1lan \u00eds \ud83d\ude42 )<\/span><\/p>\n<hr \/>\n<hr \/>\n<p>&nbsp;<\/p>\n<hr \/>\n<h2><span style=\"color: #0000ff;\"><strong>8. Vi\u00f0auki<\/strong><\/span><\/h2>\n<h2>H\u00e9r eru nokkur vi\u00f0t\u00f6l vi\u00f0 e\u00f0a greinar eftir \u00feekkta \u00edslenska ve\u00f0urfr\u00e6\u00f0inga. \u00dea\u00f0 ver\u00f0ur a\u00f0 hafa \u00fea\u00f0 \u00ed huga a\u00f0 sko\u00f0un g\u00f3\u00f0ra v\u00edsindamanna breytist eftir \u00fev\u00ed sem \u00feeir hafa meiri g\u00f6gn. \u00dea\u00f0 getur \u00fev\u00ed vel veri\u00f0 a\u00f0 eftirfarandi s\u00e9 ekki n\u00e1kv\u00e6mlega \u00e1lit \u00feeirra \u00ed dag.<\/h2>\n<p>Hverju sv\u00f6ru\u00f0u \u00feessir fr\u00e6\u00f0imenn <strong>\u00de\u00f3r Jakobsson<\/strong> og <strong>Trausti J\u00f3nsson<\/strong> \u00ed Vi\u00f0skiptabla\u00f0inu 13. desember 2006?<\/p>\n<p>\u00deessir v\u00edsindamenn eru me\u00f0al \u00feeirra reyndustu \u00e1 svi\u00f0i ve\u00f0ur- og loftslagsfr\u00e6\u00f0a h\u00e9r \u00e1 landi.<\/p>\n<p><img loading=\"lazy\" class=\"aligncenter size-full wp-image-1690\" src=\"http:\/\/www.agust.net\/wordpress\/wp-content\/uploads\/2015\/12\/loftslagsbreytingar_af_mannnavoldum.jpg\" alt=\"\" width=\"1600\" height=\"937\" srcset=\"http:\/\/www.agust.net\/wordpress\/wp-content\/uploads\/2015\/12\/loftslagsbreytingar_af_mannnavoldum.jpg 1600w, http:\/\/www.agust.net\/wordpress\/wp-content\/uploads\/2015\/12\/loftslagsbreytingar_af_mannnavoldum-300x176.jpg 300w, http:\/\/www.agust.net\/wordpress\/wp-content\/uploads\/2015\/12\/loftslagsbreytingar_af_mannnavoldum-768x450.jpg 768w, http:\/\/www.agust.net\/wordpress\/wp-content\/uploads\/2015\/12\/loftslagsbreytingar_af_mannnavoldum-1024x600.jpg 1024w\" sizes=\"(max-width: 1600px) 100vw, 1600px\" \/><\/p>\n<p>&nbsp;<\/p>\n<p>&nbsp;<\/p>\n<hr \/>\n<p>Vi\u00f0tal vi\u00f0 <strong>P\u00e1l Berg\u00fe\u00f3rsson<\/strong> og <strong>Trausta J\u00f3nsson<\/strong> \u00ed B\u00e6ndabla\u00f0inu\u00a0 6. febr\u00faar 2014:<\/p>\n<p>Greinina m\u00e1 s\u00e6kja sem pdf \u00ed fullri upplausn me\u00f0 \u00fev\u00ed a\u00f0 smella <a href=\"https:\/\/agbjarn.blog.is\/users\/fa\/agbjarn\/files\/baendabladi_-5feb2014.pdf\"><strong>h\u00e9r<\/strong><\/a>.<\/p>\n<p><img loading=\"lazy\" class=\"aligncenter size-full wp-image-1692\" src=\"http:\/\/www.agust.net\/wordpress\/wp-content\/uploads\/2015\/12\/kolnandi_vedur_trausti_pall.jpg\" alt=\"\" width=\"1591\" height=\"1200\" srcset=\"http:\/\/www.agust.net\/wordpress\/wp-content\/uploads\/2015\/12\/kolnandi_vedur_trausti_pall.jpg 1591w, http:\/\/www.agust.net\/wordpress\/wp-content\/uploads\/2015\/12\/kolnandi_vedur_trausti_pall-300x226.jpg 300w, http:\/\/www.agust.net\/wordpress\/wp-content\/uploads\/2015\/12\/kolnandi_vedur_trausti_pall-768x579.jpg 768w, http:\/\/www.agust.net\/wordpress\/wp-content\/uploads\/2015\/12\/kolnandi_vedur_trausti_pall-1024x772.jpg 1024w\" sizes=\"(max-width: 1591px) 100vw, 1591px\" \/><\/p>\n<hr \/>\n<p>Stutt grein eftir <strong>\u00de\u00f3r Jakobsson<\/strong> \u00ed DV 21. j\u00fan\u00ed 2000:<br \/>\n<img loading=\"lazy\" class=\"aligncenter size-full wp-image-1696\" src=\"http:\/\/www.agust.net\/wordpress\/wp-content\/uploads\/2015\/12\/Solin-og-vedurfar-Thor-2000.jpg\" alt=\"\" width=\"1327\" height=\"1975\" srcset=\"http:\/\/www.agust.net\/wordpress\/wp-content\/uploads\/2015\/12\/Solin-og-vedurfar-Thor-2000.jpg 1327w, http:\/\/www.agust.net\/wordpress\/wp-content\/uploads\/2015\/12\/Solin-og-vedurfar-Thor-2000-202x300.jpg 202w, http:\/\/www.agust.net\/wordpress\/wp-content\/uploads\/2015\/12\/Solin-og-vedurfar-Thor-2000-768x1143.jpg 768w, http:\/\/www.agust.net\/wordpress\/wp-content\/uploads\/2015\/12\/Solin-og-vedurfar-Thor-2000-688x1024.jpg 688w\" sizes=\"(max-width: 1327px) 100vw, 1327px\" \/>&#8212;<\/p>\n<p>Vi\u00f0tal vi\u00f0 P\u00e1l Berg\u00fe\u00f3rsson \u00ed Fr\u00e9ttabla\u00f0inu 1. mars 2013:<\/p>\n<div id=\"attachment_1946\" style=\"width: 534px\" class=\"wp-caption aligncenter\"><img aria-describedby=\"caption-attachment-1946\" loading=\"lazy\" class=\"size-large wp-image-1946\" src=\"http:\/\/www.agust.net\/wordpress\/wp-content\/uploads\/2015\/12\/Pall-Berg\u00feorsson-frettabladir_1_mars-b-1-B-528x1024.png\" alt=\"\" width=\"528\" height=\"1024\" srcset=\"http:\/\/www.agust.net\/wordpress\/wp-content\/uploads\/2015\/12\/Pall-Berg\u00feorsson-frettabladir_1_mars-b-1-B-528x1024.png 528w, http:\/\/www.agust.net\/wordpress\/wp-content\/uploads\/2015\/12\/Pall-Berg\u00feorsson-frettabladir_1_mars-b-1-B-155x300.png 155w, http:\/\/www.agust.net\/wordpress\/wp-content\/uploads\/2015\/12\/Pall-Berg\u00feorsson-frettabladir_1_mars-b-1-B-768x1489.png 768w, http:\/\/www.agust.net\/wordpress\/wp-content\/uploads\/2015\/12\/Pall-Berg\u00feorsson-frettabladir_1_mars-b-1-B.png 859w\" sizes=\"(max-width: 528px) 100vw, 528px\" \/><p id=\"caption-attachment-1946\" class=\"wp-caption-text\">Vi\u00f0tal vi\u00f0 P\u00e1l Berg\u00fe\u00f3rsson \u00ed Fr\u00e9ttabla\u00f0inu 1. mars 2013<\/p><\/div>\n<hr \/>\n<p>&nbsp;<\/p>\n<blockquote class=\"wp-embedded-content\" data-secret=\"oMagzmpdrF\"><p><a href=\"http:\/\/www.agust.net\/wordpress\/2017\/01\/02\/magnus-jonsson-fyrrverandi-vedurstofustjori-rannsoknir-i-herkvi-hagsmuna\/\">Magn\u00fas J\u00f3nsson fyrrverandi ve\u00f0urstofustj\u00f3ri: Ranns\u00f3knir \u00ed herkv\u00ed hagsmuna?<\/a><\/p><\/blockquote>\n<p><iframe class=\"wp-embedded-content\" sandbox=\"allow-scripts\" security=\"restricted\" style=\"position: absolute; clip: rect(1px, 1px, 1px, 1px);\" title=\"&#8220;Magn\u00fas J\u00f3nsson fyrrverandi ve\u00f0urstofustj\u00f3ri: Ranns\u00f3knir \u00ed herkv\u00ed hagsmuna?&#8221; &#8212; Hugarflug\" src=\"http:\/\/www.agust.net\/wordpress\/2017\/01\/02\/magnus-jonsson-fyrrverandi-vedurstofustjori-rannsoknir-i-herkvi-hagsmuna\/embed\/#?secret=oMagzmpdrF\" data-secret=\"oMagzmpdrF\" width=\"600\" height=\"338\" frameborder=\"0\" marginwidth=\"0\" marginheight=\"0\" scrolling=\"no\"><\/iframe><\/p>\n<p>___<\/p>\n<hr \/>\n<div id=\"attachment_2388\" style=\"width: 723px\" class=\"wp-caption aligncenter\"><img aria-describedby=\"caption-attachment-2388\" loading=\"lazy\" class=\"size-full wp-image-2388\" src=\"http:\/\/www.agust.net\/wordpress\/wp-content\/uploads\/2015\/12\/Magn\u00fas.jpg\" alt=\"\" width=\"713\" height=\"357\" srcset=\"http:\/\/www.agust.net\/wordpress\/wp-content\/uploads\/2015\/12\/Magn\u00fas.jpg 713w, http:\/\/www.agust.net\/wordpress\/wp-content\/uploads\/2015\/12\/Magn\u00fas-300x150.jpg 300w\" sizes=\"(max-width: 713px) 100vw, 713px\" \/><p id=\"caption-attachment-2388\" class=\"wp-caption-text\">Magn\u00fas J\u00f3nsson ve\u00f0urfr\u00e6\u00f0ingur, fyrrum ve\u00f0urstofustj\u00f3ri.<\/p><\/div>\n<h3>Magn\u00fas J\u00f3nsson ve\u00f0urfr\u00e6\u00f0ingur<br \/>\nKjarninn, 2. okt\u00f3ber 2019<\/h3>\n<p><strong>Loftslagsv\u00e1in \u2013 Offj\u00f6lgun og ofn\u00fdting<\/strong><\/p>\n<h3><strong>Magn\u00fas J\u00f3nsson telur a\u00f0 vi\u00f0 \u00feyrftum a\u00f0 h\u00e6ttumeta \u00e1hrif hl\u00fdnunar \u00e1 yfirvega\u00f0an h\u00e1tt og \u00e1n hr\u00e6\u00f0slu\u00e1r\u00f3\u00f0urs og laga okkur a\u00f0 \u00feeim breytingum sem kunna a\u00f0 ver\u00f0a \u00e1 l\u00edfskilyr\u00f0um manna og d\u00fdra \u00ed einst\u00f6kum heimshlutum vi\u00f0 frekari hl\u00fdnun.<\/strong><\/h3>\n<p>&nbsp;<\/p>\n<p>Upp \u00far 1960 st\u00f3\u00f0 heim\u00adur\u00adinn n\u00e1n\u00adast \u00e1 \u00f6nd\u00adinni \u00ed svo\u00adkall\u00ada\u00f0ri K\u00fabu\u00addeilu. Helstu st\u00f3r\u00adveldi heims\u00adins \u00fe\u00e1, Banda\u00adr\u00edkin og Sov\u00ad\u00e9t\u00adr\u00edk\u00adin, st\u00f3\u00f0u gr\u00e1 fyrir j\u00e1rnum me\u00f0 allan kjarn\u00adorku\u00advopna\u00adfor\u00f0a sinn til\u00adb\u00fa\u00adinn til notk\u00adun\u00adar. Fj\u00f6l\u00admi\u00f0lar um allan heim fluttu st\u00f6\u00f0ugar fr\u00e9ttir af fram\u00advindu m\u00e1la og h\u00e6ttan \u00e1 kjarn\u00adorku\u00adstr\u00ed\u00f0i me\u00f0 til\u00adheyr\u00adandi gj\u00f6r\u00adey\u00f0\u00adingu var dag\u00adlega til umr\u00e6\u00f0u. \u00c9g og jafn\u00adaldrar m\u00ednir sem vorum \u00fe\u00e1 \u00e1 m\u00f6rkum barns og ung\u00adlings fylgd\u00adumst me\u00f0 \u00feess\u00adari umr\u00e6\u00f0u fullir af \u00e1hyggjum og \u00f3tta um fram\u00adt\u00ed\u00f0\u00adina. A\u00f0eins voru r\u00fam 15 \u00e1r li\u00f0in fr\u00e1 lokum s\u00ed\u00f0\u00adari heims\u00adstyrj\u00adald\u00adar\u00adinnar me\u00f0 hro\u00f0a\u00adlegum kjarn\u00adorku\u00ad\u00e1r\u00e1sum Banda\u00adr\u00edkj\u00adanna \u00e1 jap\u00adanskar borg\u00adir. Algert kjarn\u00adorku\u00adstr\u00ed\u00f0 yr\u00f0i l\u00edk\u00adlega s\u00ed\u00f0\u00adasta styrj\u00ad\u00f6ld mann\u00adkyns\u00adins. A\u00f0 m\u00ednu \u00e1liti r\u00edkti \u00fev\u00ed \u00e1 \u00feessum t\u00edma eitt\u00adhva\u00f0 sem kalla m\u00e1 ney\u00f0\u00adar\u00ad\u00e1\u00adstand \u00ed heim\u00adin\u00adum.<\/p>\n<p><strong>Hl\u00fdnun og st\u00f3r\u00adyr\u00f0i<\/strong><\/p>\n<p>\u00c1st\u00e6\u00f0a \u00feess a\u00f0 \u00e9g rifja \u00feennan t\u00edma upp er s\u00fa a\u00f0 n\u00fa l\u00ed\u00f0ur ekki s\u00e1 dagur a\u00f0 ekki s\u00e9 r\u00e6tt um a\u00f0 hl\u00fdnun jar\u00f0ar s\u00e9 \u00e1l\u00edka \u00f3gn vi\u00f0 mann\u00adkyni\u00f0 og kjarn\u00adorku\u00adstr\u00ed\u00f0 hef\u00f0i or\u00f0i\u00f0 \u00feegar kalda str\u00ed\u00f0i\u00f0 st\u00f3\u00f0 sem h\u00e6st. Tala\u00f0 er um h\u00e6kkun \u00e1 hita jar\u00f0\u00adar\u00adinnar sem \u201emestu \u00f3gn mann\u00adkyns\u00adins\u201c, \u201eham\u00adfara\u00adhl\u00fdn\u00adun\u201c og \u201est\u00f3r\u00adfellda lofts\u00adlags\u00adv\u00e1\u201c og n\u00fa n\u00fdlega hefur \u201eney\u00f0\u00adar\u00ad\u00e1\u00adstandi\u201c veri\u00f0 l\u00fdst yfir \u00ed nokkrum l\u00f6nd\u00adum, jafn\u00advel \u00ed Evr\u00ad\u00f3pu vegna henn\u00adar. Hl\u00fdnun sem l\u00edk\u00adlega er or\u00f0in um 1\u00b0C \u00e1 s\u00ed\u00f0\u00adustu 150 \u00e1rum \u00fear sem lang\u00adt\u00edma\u00adme\u00f0\u00adal\u00adhiti jar\u00f0\u00adar\u00adinnar hefur h\u00e6kka\u00f0 um 0.1\u00b0C \u00e1 hverjum 15 \u00e1rum a\u00f0 jafn\u00ada\u00f0\u00adi.<\/p>\n<p>\u00cd upp\u00adhr\u00f3p\u00adunum er tala\u00f0 um a\u00f0 vi\u00f0 h\u00f6fum a\u00f0eins f\u00e1 \u00e1r til a\u00f0 koma \u00ed veg fyrir frek\u00adari hl\u00fdnun ef jar\u00f0\u00adl\u00edfi\u00f0 eigi ekki n\u00e1n\u00adast a\u00f0 l\u00ed\u00f0a undir lok. Hef \u00e9g or\u00f0i\u00f0 var vi\u00f0 vax\u00adandi hr\u00e6\u00f0slu og \u00e1l\u00edka til\u00adfinn\u00adingar hj\u00e1 b\u00f6rnum og ungu f\u00f3lki vegna \u00feess\u00adarar yfir\u00advof\u00adandi \u201e\u00f3gn\u00adar\u201c vi\u00f0 til\u00advist okkar og menn\u00adingu og \u00e9g haf\u00f0i sj\u00e1lfur fyrir n\u00e6rri 60 \u00e1rum. Fj\u00f6l\u00admi\u00f0l\u00adar, stj\u00f3rn\u00adm\u00e1la\u00admenn og margir v\u00eds\u00adinda\u00admenn og emb\u00ad\u00e6tt\u00adis\u00admenn kyrja \u00feennan hr\u00e6\u00f0slu\u00adbo\u00f0\u00adskap sem m\u00e9r finnst engan veg\u00adinn vera til\u00adefni til a\u00f0 bl\u00e1sa upp \u00ed \u00fe\u00e6r h\u00e6\u00f0ir sem gert er. Er engu l\u00edk\u00adara en a\u00f0 r\u00e9tt einu sinni s\u00e9 d\u00f3ms\u00addagur a\u00f0 renna upp!<\/p>\n<p><strong>Mesta \u00f3gnin<\/strong><\/p>\n<p>\u00cd m\u00ednum huga er mesta \u00f3gn mann\u00adkyns\u00adins gr\u00ed\u00f0\u00adar\u00adleg fj\u00f6lgun \u00feess og afleidd ofn\u00fdt\u00ading st\u00f3rs hluta au\u00f0\u00adlinda jar\u00f0\u00adar\u00adinn\u00adar, b\u00e6\u00f0i \u00e1 landi og \u00ed sj\u00f3. \u00c1ri\u00f0 1900 voru um 1500 millj\u00ad\u00f3nir manna \u00e1 j\u00f6r\u00f0\u00adinni en n\u00fa er mann\u00adfj\u00f6ld\u00adinn t\u00e6p\u00adlega 8000 millj\u00ad\u00f3nir e\u00f0a meira en fimm sinnum meiri. Meira og minna \u00f6ll umhverfi\u00advanda\u00adm\u00e1l heims\u00adins, \u00fear me\u00f0 talin hl\u00fdnun jar\u00f0\u00adar\u00adinnar er aflei\u00f0\u00ading \u00f3heyri\u00adlegrar mann\u00adfj\u00f6lg\u00adunar og krafna um b\u00e6tt l\u00edfs\u00adkj\u00f6r. Loft\u00admeng\u00adun, jar\u00f0\u00advegs\u00admeng\u00adun, jar\u00f0\u00advegsey\u00f0\u00ading, plast\u00admengun og skortur \u00e1 vatni eru v\u00ed\u00f0a \u00f3gnir vi\u00f0 l\u00edf\u00adverur b\u00e6\u00f0i \u00e1 landi og \u00ed sj\u00f3.<\/p>\n<p>Allt \u00feetta stendur \u00ed beinu sam\u00adhengi vi\u00f0 mann\u00adfj\u00f6lda jar\u00f0\u00adar\u00adinn\u00adar. Tali\u00f0 er a\u00f0 meira en 60% af \u00f6llum au\u00f0\u00adlindum lands og sj\u00e1var s\u00e9u ann\u00ada\u00f0\u00adhvort ofn\u00fdttar e\u00f0a full\u00adn\u00fdttar og er \u00f3tr\u00fa\u00adlega litlum fj\u00e1r\u00admunum eytt til \u00feess a\u00f0 b\u00e6ta \u00fear \u00far. Vax\u00adandi r\u00e1nyrkja sem m.a. m\u00e1 rekja til mann\u00adfj\u00f6lg\u00adunar hefur einnig \u00e1tt st\u00f3ran \u00fe\u00e1tt \u00ed a\u00f0 auka styrk gr\u00f3\u00f0\u00adur\u00adh\u00fasa\u00adloft\u00adteg\u00adunda \u00ed and\u00adr\u00fams\u00adlofti. \u00dea\u00f0 kom \u00fev\u00ed nokku\u00f0 \u00e1 \u00f3vart a\u00f0 \u00ed sam\u00adkomu\u00adlagi r\u00edkja heims sem var\u00f0 um lofts\u00adlags\u00adm\u00e1l \u00ed Par\u00eds \u00e1ri\u00f0 2015 skyldi ekki viki\u00f0 me\u00f0 afger\u00adandi h\u00e6tti a\u00f0 mann\u00adfj\u00f6lda\u00advand\u00adanum sem vi\u00f0 er a\u00f0 gl\u00edma n\u00fa og um fyr\u00adir\u00adsj\u00e1\u00adan\u00adlega fram\u00adt\u00ed\u00f0.<\/p>\n<p><strong>Hita\u00adbylgjur og mann\u00adtj\u00f3n<\/strong><\/p>\n<p>Miki\u00f0 hefur veri\u00f0 gert \u00far alvar\u00adleika \u00feeirra hita\u00adbylgna sem gengi\u00f0 hafa yfir Evr\u00ad\u00f3pu, N-A\u00admer-\u00edku og fleiri sv\u00e6\u00f0i jar\u00f0\u00adar\u00adinnar \u00e1 s\u00ed\u00f0\u00adustu \u00e1rum og \u00fe\u00e6r settar \u00ed sam\u00adhengi vi\u00f0 hl\u00fdnun jar\u00f0\u00adar. \u00deessar hita\u00adbylgjur eru tr\u00fa\u00adlega meiri en nokkru sinni hafa or\u00f0i\u00f0 s\u00ed\u00f0an almennar hita\u00adm\u00e6l\u00adingar h\u00f3fust fyrir um 200 \u00e1rum e\u00f0a svo, sbr. fj\u00f6lda hita\u00admeta \u00ed \u00e1lf\u00adunni \u00ed sum\u00adar. Mann\u00adtj\u00f3n \u00ed \u00feeim hefur veri\u00f0 bl\u00e1si\u00f0 upp og fj\u00f6l\u00admi\u00f0lar hafa fundi\u00f0 \u00fat a\u00f0 a.m.k. 20 manns hafa l\u00e1t\u00adist \u00far hita \u00ed Evr\u00ad\u00f3pu \u00e1 \u00feessu sumri og annar eins fj\u00f6ldi \u00ed N-Am\u00ader\u00ad\u00edk\u00adu.<\/p>\n<p>Til sam\u00adan\u00adbur\u00f0ar m\u00e1 nefna a\u00f0 \u00ed kulda\u00adkasti \u00e1 meg\u00adin\u00adlandi Evr\u00ad\u00f3pu \u00ed febr\u00ad\u00fa\u00adar\u2013mars 2018 er tali\u00f0 a\u00f0 allt a\u00f0 100 manns hafi kr\u00f3kna\u00f0 \u00far kulda. Hita\u00adbylgjur \u00feessa sum\u00adars eru \u00fe\u00f3 hvergi n\u00e6rri eins mann\u00adsk\u00e6\u00f0ar og sum\u00adari\u00f0 2003 \u00feegar tali\u00f0 er a\u00f0 allt a\u00f0 30.000 manns hafi l\u00e1t\u00adist \u00far hita e\u00f0a \u00feurrki. Au\u00f0\u00advita\u00f0 eru sl\u00edkir atbur\u00f0ir alvar\u00adlegir en eng\u00adinn vafi er \u00e1 a\u00f0 mann\u00adtj\u00f3ni\u00f0 er ekki s\u00ed\u00f0ur tengt mann\u00adfj\u00f6lda, l\u00edfs\u00adkj\u00f6rum og l\u00edfs\u00adst\u00edl f\u00f3lks sem og h\u00e6kk\u00adandi l\u00edfaldri og \u00fev\u00ed ekki ein\u00adg\u00f6ngu h\u00e6kkun hita \u00e1 j\u00f6r\u00f0\u00adinni.<\/p>\n<p><strong>Loka\u00ador\u00f0<\/strong><\/p>\n<p>\u00de\u00f3tt \u00e9g sty\u00f0ji vi\u00f0\u00adleitni okkar \u00cdslend\u00adinga sem og ann\u00adarra vi\u00f0 a\u00f0 draga \u00far losun gr\u00f3\u00f0\u00adur\u00adh\u00fasa-\u00adloft\u00adteg\u00adunda finnst m\u00e9r mun meiri \u00e1st\u00e6\u00f0a til a\u00f0 gefa \u00f6\u00f0rum \u00fe\u00e1ttum \u00ed mann\u00adl\u00edfi jar\u00f0\u00adar\u00adinnar meiri gaum en lofts\u00adlags\u00adv\u00e1nni. Nokkrar sta\u00f0\u00adreynd\u00adir, valdar n\u00e1n\u00adast af handa\u00adh\u00f3fi, skulu nefndar sem m\u00e9r finnst a\u00f0 fj\u00f6l\u00admi\u00f0l\u00adar, stj\u00f3rn\u00adm\u00e1la\u00admenn og ungt f\u00f3lk \u00e6ttu a\u00f0 hafa meiri \u00e1hyggjur af, halda fleiri r\u00e1\u00f0\u00adstefnum um og setja \u00ed meiri fj\u00e1r\u00admuni til a\u00f0 reyna a\u00f0 lag\u00adf\u00e6ra, fremur en a\u00f0 berj\u00adast vi\u00f0 losun \u00e1 koltv\u00ed\u00ads\u00fdr\u00adingi og \u00f6\u00f0rum gr\u00f3\u00f0\u00adur\u00adh\u00fasa\u00adloft\u00adteg\u00adund\u00adum:<\/p>\n<ul>\n<li>Um 70 millj\u00ad\u00f3nir manna eru \u00e1 fl\u00f3tta \u00ed heim\u00adin\u00adum, meiri\u00adhlut\u00adinn b\u00f6rn og ung\u00adling\u00adar.<\/li>\n<li>Um millj\u00adar\u00f0ur manna b\u00fdr vi\u00f0 vax\u00adandi skort \u00e1 neyslu\u00advatni vegna f\u00f3lks\u00adfj\u00f6lg\u00adunar og ofnotk\u00adunar vatns.<\/li>\n<li>Meira en millj\u00adar\u00f0ur kvenna \u00e1 j\u00f6r\u00f0\u00adinni b\u00fdr vi\u00f0 and\u00adlegt, l\u00edk\u00adam\u00adleg og\/e\u00f0a kyn\u00adfer\u00f0\u00adis\u00adlegt ofbeldi og a.m.k. 50.000 konur eru drepnar \u00e1rlega af m\u00f6kum s\u00edn\u00adum.<\/li>\n<li>Um 30.000 manns deyr dag\u00adlega af v\u00f6ldum reyk\u00adinga og um 10.000 af v\u00f6ldum \u00e1feng\u00adis. \u00dea\u00f0 er um 15 millj\u00ad\u00f3nir manns\u00adl\u00edfa \u00e1 \u00e1ri.<\/li>\n<\/ul>\n<p>Hinga\u00f0 til hef \u00e9g ekki misst svefn e\u00f0a haft \u00e1hyggjur af h\u00e6kkun hita \u00e1 j\u00f6r\u00f0\u00adinni, enda tel \u00e9g ekki um neitt ney\u00f0\u00adar\u00ad\u00e1\u00adstand (br\u00e1\u00f0a\u00adh\u00e6ttu) \u00e1 \u00fev\u00ed svi\u00f0i a\u00f0 r\u00e6\u00f0a. \u00c9g reikna heldur ekki me\u00f0 a\u00f0 \u00e9g muni lifa \u00fea\u00f0 a\u00f0 inni\u00adhald gr\u00f3\u00f0\u00adur\u00adh\u00fasa\u00adloft\u00adteg\u00adunda \u00ed and\u00adr\u00fams\u00adlofti jar\u00f0ar muni minnka. En me\u00f0an mann\u00adkyn\u00adinu fj\u00f6lgar jafn\u00admiki\u00f0 og raun ber vitni um og krafa um st\u00f6\u00f0ugt meiri hag\u00adv\u00f6xt og betri l\u00edfs\u00adkj\u00f6r er uppi eru a\u00f0 m\u00ednu mati engar l\u00edkur til a\u00f0 okkur tak\u00adist a\u00f0 minnka styrk koltv\u00ed\u00ads\u00fdr\u00adings \u00ed and\u00adr\u00fams\u00adlofti. Vi\u00f0 \u00feurfum \u00fev\u00ed a\u00f0 h\u00e6ttu\u00admeta \u00e1hrif hl\u00fdn\u00adunar \u00e1 yfir\u00adveg\u00ada\u00f0an h\u00e1tt og \u00e1n hr\u00e6\u00f0slu\u00ad\u00e1\u00adr\u00f3\u00f0\u00adurs og laga okkur a\u00f0 \u00feeim breyt\u00adingum sem kunna a\u00f0 ver\u00f0a \u00e1 l\u00edfskil\u00adyr\u00f0um manna og d\u00fdra \u00ed ein\u00adst\u00f6kum heims\u00adhlutum vi\u00f0 frek\u00adari hl\u00fdn\u00adun.<\/p>\n<p><em>H\u00f6f\u00adundur er ve\u00f0\u00adur\u00adfr\u00e6\u00f0\u00ading\u00adur.<\/em><\/p>\n<p>&nbsp;<\/p>\n<hr \/>\n<p>&nbsp;<\/p>\n<p>&nbsp;<\/p>\n<div id=\"attachment_3925\" style=\"width: 609px\" class=\"wp-caption aligncenter\"><img aria-describedby=\"caption-attachment-3925\" loading=\"lazy\" class=\"size-full wp-image-3925\" src=\"http:\/\/www.agust.net\/wordpress\/wp-content\/uploads\/2015\/01\/ThorsteinnSaemundssonHnatthlynun.jpg\" alt=\"\" width=\"603\" height=\"879\" srcset=\"http:\/\/www.agust.net\/wordpress\/wp-content\/uploads\/2015\/01\/ThorsteinnSaemundssonHnatthlynun.jpg 603w, http:\/\/www.agust.net\/wordpress\/wp-content\/uploads\/2015\/01\/ThorsteinnSaemundssonHnatthlynun-206x300.jpg 206w\" sizes=\"(max-width: 603px) 100vw, 603px\" \/><p id=\"caption-attachment-3925\" class=\"wp-caption-text\">Dr. \u00deorsteinn S\u00e6mundsson stj\u00f6rnufr\u00e6\u00f0ingur.<\/p><\/div>\n<div class=\"x1e56ztr\">\n<p><span class=\"x193iq5w xeuugli x13faqbe x1vvkbs x1xmvt09 x6prxxf xvq8zen xo1l8bm xzsf02u\">Dr. \u00deorsteinn S\u00e6mundsson stj\u00f6rnufr\u00e6\u00f0ingur var um \u00e1ratugaskei\u00f0 forst\u00f6\u00f0uma\u00f0ur H\u00e1loftadeildar Raunv\u00edsindastofnunar H\u00e1sk\u00f3la \u00cdslands. \u00dear var \u00e9g tv\u00f6 sumur \u00e1 h\u00e1sk\u00f3la\u00e1runum.<\/span><\/p>\n<p>***<\/p>\n<p>Af vefs\u00ed\u00f0u H\u00e1loftadeildar fr\u00e1 \u00e1rinu 2018:<\/p>\n<p><strong>Raunv\u00edsindastofnun H\u00e1sk\u00f3lans<\/strong><br \/>\n<strong>H\u00e1loftadeild<\/strong><\/p>\n<\/div>\n<h5 class=\"x1heor9g x1qlqyl8 x1pd3egz x1a2a7pz xyorhqc xtvhhri x1anpbxc\"><\/h5>\n<div class=\"x1e56ztr\"><span class=\"x193iq5w xeuugli x13faqbe x1vvkbs x1xmvt09 x6prxxf xvq8zen xo1l8bm xzsf02u\">H\u00e1loftadeild rekur segulm\u00e6lingast\u00f6\u00f0 \u00ed Leirvogi \u00ed Mosfellssveit. St\u00f6\u00f0inni var komi\u00f0 \u00e1 f\u00f3t \u00e1ri\u00f0 1957 og er h\u00fan hin eina sinnar tegundar h\u00e9r \u00e1 landi. \u00dear eru skr\u00e1\u00f0ar breytingar \u00e1 segulsvi\u00f0i jar\u00f0ar, b\u00e6\u00f0i skammt\u00edmabreytingar af v\u00f6ldum rafagnastrauma fr\u00e1 s\u00f3lu og h\u00e6gfara breytingar sem stafa af hr\u00e6ringum \u00ed kjarna jar\u00f0ar. Breytingarnar hafa me\u00f0al annars \u00e1hrif \u00e1 stefnu \u00e1ttavitan\u00e1la, og langt\u00edmam\u00e6lingar \u00ed Leirvogi eru \u00fev\u00ed nota\u00f0ar til a\u00f0 lei\u00f0r\u00e9tta kort fyrir siglingar og flug. Ni\u00f0urst\u00f6\u00f0ur m\u00e6linga sem skr\u00e1\u00f0ar eru \u00e1 10 sek\u00fandna fresti eru sendar daglega til gagnami\u00f0st\u00f6\u00f0var \u00ed Kyoto \u00ed Japan og m\u00e1na\u00f0arlega til Boulder \u00ed Colorado.<\/span><\/div>\n<div><\/div>\n<div class=\"x1e56ztr\"><span class=\"x193iq5w xeuugli x13faqbe x1vvkbs x1xmvt09 x6prxxf xvq8zen xo1l8bm xzsf02u\">H\u00e1loftadeildin s\u00e9r einnig um rekstur tveggja st\u00f6\u00f0va til nor\u00f0urlj\u00f3saranns\u00f3kna, en st\u00f6\u00f0varnar eru \u00ed eigu P\u00f3lranns\u00f3knastofnunar Japans. \u00d6nnur \u00feeirra er \u00e1 Augast\u00f6\u00f0um \u00ed Borgarfir\u00f0i, en hin \u00e1 M\u00e1n\u00e1rbakka \u00e1 Tj\u00f6rnesi. St\u00f6\u00f0vum \u00feessum var komi\u00f0 upp 1983, en t\u00e6kjab\u00fana\u00f0ur \u00feeirra er \u00ed st\u00f6\u00f0ugri \u00fer\u00f3un. Hi\u00f0 sama er a\u00f0 segja um segulm\u00e6lingast\u00f6\u00f0ina \u00ed Leirvogi.<\/span><\/div>\n<div><\/div>\n<div class=\"x1e56ztr\"><span class=\"x193iq5w xeuugli x13faqbe x1vvkbs x1xmvt09 x6prxxf xvq8zen xo1l8bm xzsf02u\">\u00de\u00e1 s\u00e9r H\u00e1loftadeildin um rekstur tveggja ratsj\u00e1rst\u00f6\u00f0va til ranns\u00f3kna \u00e1 rafhvolfi jar\u00f0ar. \u00d6nnur \u00feeirra er vi\u00f0 Stokkseyri en hin vi\u00f0 \u00deykkvab\u00e6. Fyrrnefnda st\u00f6\u00f0in var sett upp \u00e1ri\u00f0 1993 og er \u00ed eigu franskra ranns\u00f3knastofnana en s\u00fa s\u00ed\u00f0arnefnda, sem t\u00f3k til starfa 1995, er \u00ed eigu h\u00e1sk\u00f3lans \u00ed Leicester \u00ed Englandi. \u00deessar st\u00f6\u00f0var eru mikilv\u00e6gur hlekkur \u00ed ke\u00f0ju sl\u00edkra st\u00f6\u00f0va sem n\u00e6r b\u00e6\u00f0i til nor\u00f0ur- og su\u00f0urhvels jar\u00f0ar. Markmi\u00f0i\u00f0 me\u00f0 ke\u00f0junni er a\u00f0 kortleggja \u00e1hrif s\u00f3lar \u00e1 rafhvolfi\u00f0.<\/span><\/div>\n<p>&nbsp;<\/p>\n<hr \/>\n<h3><\/h3>\n<hr \/>\n<h3 style=\"text-align: center;\"><span style=\"color: #808000;\">En annar hlutur er forvitni, \u00fev\u00ed a\u00f0 \u00fea\u00f0 er mannsins n\u00e1tt\u00fara<\/span><br \/>\n<span style=\"color: #808000;\">a\u00f0 forvitna og sj\u00e1 \u00fe\u00e1 hluti, er honum eru sag\u00f0ir, og vita, hvort svo er, sem<\/span><br \/>\n<span style=\"color: #808000;\">honum var sagt, e\u00f0a eigi.<\/span><\/h3>\n<p style=\"text-align: right;\"><a href=\"https:\/\/icesave.org\/forneskja\/\">Konungs skuggsj\u00e1 &#8211; Speculum Regale<\/a><\/p>\n<p>&nbsp;<\/p>\n<p>&nbsp;<\/p>\n<h2 style=\"text-align: center;\">&#8212; &#8212; &#8212;\u00a0 \u00a0 &#8212; &#8212; &#8212;\u00a0 \u00a0 &#8212; &#8212; &#8212;<\/h2>\n<p>&nbsp;<\/p>\n<p>&nbsp;<\/p>\n<p>&nbsp;<\/p>\n<p>&nbsp;<\/p>\n<p><center><br \/>\n<iframe loading=\"lazy\" src=\"https:\/\/www.youtube.com\/embed\/pLjHoR-yffo\" width=\"560\" height=\"315\" data-mce-fragment=\"1\"><br \/>\n<\/iframe><\/center><\/p>\n<p style=\"text-align: center;\">Pr\u00f3fessor Henrik Svensmark.<\/p>\n<p>&nbsp;<\/p>\n<p><center><br \/>\n<iframe loading=\"lazy\" src=\"https:\/\/www.youtube.com\/embed\/g2m0_w2kttc\" width=\"560\" height=\"315\" data-mce-fragment=\"1\"><br \/>\n<\/iframe><\/center><\/p>\n<div class=\"x11i5rnm xat24cr x1mh8g0r x1vvkbs xdj266r x126k92a\">\n<div dir=\"auto\" style=\"text-align: center;\">\u201eA\u00f0 fort\u00ed\u00f0 skal hyggja, ef frumlegt skal byggja,<\/div>\n<div dir=\"auto\" style=\"text-align: center;\">\u00e1n fr\u00e6\u00f0slu \u00feess li\u00f0na s\u00e9st ei hva\u00f0 er n\u00fdtt.\u201c<\/div>\n<\/div>\n<div class=\"x11i5rnm xat24cr x1mh8g0r x1vvkbs xtlvy1s x126k92a\">\n<div dir=\"auto\" style=\"text-align: center;\"><span style=\"color: #999999;\">\u00dar kv\u00e6\u00f0inu Aldam\u00f3t eftir Einar Benediktsson<\/span><\/div>\n<\/div>\n<p>&nbsp;<\/p>\n<hr \/>\n<h3><\/h3>\n<hr \/>\n<h3><\/h3>\n<h3 style=\"text-align: center;\"><img loading=\"lazy\" class=\"wp-image-4147 aligncenter\" src=\"http:\/\/www.agust.net\/wordpress\/wp-content\/uploads\/2015\/01\/Climate.png\" alt=\"\" width=\"572\" height=\"313\" srcset=\"http:\/\/www.agust.net\/wordpress\/wp-content\/uploads\/2015\/01\/Climate.png 1250w, http:\/\/www.agust.net\/wordpress\/wp-content\/uploads\/2015\/01\/Climate-300x164.png 300w, http:\/\/www.agust.net\/wordpress\/wp-content\/uploads\/2015\/01\/Climate-1024x560.png 1024w, http:\/\/www.agust.net\/wordpress\/wp-content\/uploads\/2015\/01\/Climate-768x420.png 768w\" sizes=\"(max-width: 572px) 100vw, 572px\" \/><br \/>\nKvikmyndin\u00a0 <strong>C l i m a t e :\u00a0 \u00a0T h e M o v i e\u00a0 ( T h e\u00a0 C o l d\u00a0 T r u t h )<\/strong><\/h3>\n<p style=\"text-align: center;\">(2023 80\u00a0 m\u00edn\u00fatur).<\/p>\n<p style=\"text-align: center;\">Smella h\u00e9r: \u00a0<a href=\"https:\/\/youtu.be\/zmfRG8-RHEI?si=1_mLY1mAT0G75k5k\">https:\/\/youtu.be\/zmfRG8-RHEI?si=1_mLY1mAT0G75k5k<\/a><\/p>\n<p>&nbsp;<\/p>\n<h4 id=\"cast\" class=\"dataHeaderWithBorder\">Cast\u00a0(in credits order)<\/h4>\n<table class=\"cast_list\">\n<tbody>\n<tr>\n<td class=\"castlist_label\" colspan=\"4\"><\/td>\n<\/tr>\n<tr class=\"odd\">\n<td class=\"primary_photo\"><a href=\"https:\/\/www.imdb.com\/name\/nm2316255\/?ref_=ttfc_fc_cl_i1\"><img loading=\"lazy\" class=\"loadlate\" title=\"Steve Koonin\" src=\"https:\/\/m.media-amazon.com\/images\/M\/MV5BYWUwYzExODktOGQyZS00ODNhLThiOGEtZGRlNDg4NjU1Zjk0XkEyXkFqcGc@._V1_UY44_CR6,0,32,44_AL_.jpg\" alt=\"Steve Koonin\" width=\"32\" height=\"44\" \/><\/a><\/td>\n<td><a href=\"https:\/\/www.imdb.com\/name\/nm2316255\/?ref_=ttfc_fc_cl_t1\">Steve Koonin<\/a><\/td>\n<td class=\"ellipsis\">&#8230;<\/td>\n<td class=\"character\"><a href=\"https:\/\/www.imdb.com\/title\/tt31851190\/characters\/nm2316255?ref_=ttfc_fc_cl_t1\">Self &#8211; Physicist, NYU<\/a>\u00a0(as Professor Steven Koonin)<\/td>\n<\/tr>\n<tr class=\"even\">\n<td class=\"primary_photo\"><a href=\"https:\/\/www.imdb.com\/name\/nm2647172\/?ref_=ttfc_fc_cl_i2\"><img loading=\"lazy\" class=\"loadlate\" title=\"Richard Lindzen\" src=\"https:\/\/m.media-amazon.com\/images\/M\/MV5BZjkwNzhlYTUtNzc5Ni00YjkyLTk0NTgtYzNhNTc1MjEwNmQ1XkEyXkFqcGc@._V1_UY44_CR1,0,32,44_AL_.jpg\" alt=\"Richard Lindzen\" width=\"32\" height=\"44\" \/><\/a><\/td>\n<td><a href=\"https:\/\/www.imdb.com\/name\/nm2647172\/?ref_=ttfc_fc_cl_t2\">Richard Lindzen<\/a><\/td>\n<td class=\"ellipsis\">&#8230;<\/td>\n<td class=\"character\"><a href=\"https:\/\/www.imdb.com\/title\/tt31851190\/characters\/nm2647172?ref_=ttfc_fc_cl_t2\">Self &#8211; Meteorologist, Harvard and MIT<\/a>\u00a0(as Professor Dick Lindzen)<\/td>\n<\/tr>\n<tr class=\"odd\">\n<td class=\"primary_photo\"><a href=\"https:\/\/www.imdb.com\/name\/nm7865362\/?ref_=ttfc_fc_cl_i3\"><img loading=\"lazy\" class=\"loadlate\" title=\"William Happer\" src=\"https:\/\/m.media-amazon.com\/images\/M\/MV5BYjU3ZWEyOGMtZmI4OC00ZTAzLWJjMDYtMDRmNDUyZmY4Y2YwXkEyXkFqcGc@._V1_UY44_CR7,0,32,44_AL_.jpg\" alt=\"William Happer\" width=\"32\" height=\"44\" \/><\/a><\/td>\n<td><a href=\"https:\/\/www.imdb.com\/name\/nm7865362\/?ref_=ttfc_fc_cl_t3\">William Happer<\/a><\/td>\n<td class=\"ellipsis\">&#8230;<\/td>\n<td class=\"character\"><a href=\"https:\/\/www.imdb.com\/title\/tt31851190\/characters\/nm7865362?ref_=ttfc_fc_cl_t3\">Self &#8211; Physicist, Princeton University<\/a>\u00a0(as Professor Will Happer)<\/td>\n<\/tr>\n<tr class=\"even\">\n<td class=\"primary_photo\"><a href=\"https:\/\/www.imdb.com\/name\/nm4776616\/?ref_=ttfc_fc_cl_i4\"><img loading=\"lazy\" class=\"loadlate\" title=\"John Clauser\" src=\"https:\/\/m.media-amazon.com\/images\/M\/MV5BODFlYzkxYTMtOTY0NS00YWFlLTg5OGEtMmFmNDUyOTAyNjA0XkEyXkFqcGc@._V1_UY44_CR7,0,32,44_AL_.jpg\" alt=\"John Clauser\" width=\"32\" height=\"44\" \/><\/a><\/td>\n<td><a href=\"https:\/\/www.imdb.com\/name\/nm4776616\/?ref_=ttfc_fc_cl_t4\">John Clauser<\/a><\/td>\n<td class=\"ellipsis\">&#8230;<\/td>\n<td class=\"character\"><a href=\"https:\/\/www.imdb.com\/title\/tt31851190\/characters\/nm4776616?ref_=ttfc_fc_cl_t4\">Self &#8211; Nobel Prize in Physics 2022, Wolf Prize in Physics in 2010<\/a>\u00a0(as Dr John Clauser)<\/td>\n<\/tr>\n<tr class=\"odd\">\n<td class=\"primary_photo\"><a href=\"https:\/\/www.imdb.com\/name\/nm2643467\/?ref_=ttfc_fc_cl_i5\"><img loading=\"lazy\" class=\"loadlate\" title=\"Nir Shaviv\" src=\"https:\/\/m.media-amazon.com\/images\/M\/MV5BNDVhNDI1OGYtNDgwOC00NDhjLTk2NjctZTM5YmVlY2U0ZjAyXkEyXkFqcGc@._V1_UY44_CR2,0,32,44_AL_.jpg\" alt=\"Nir Shaviv\" width=\"32\" height=\"44\" \/><\/a><\/td>\n<td><a href=\"https:\/\/www.imdb.com\/name\/nm2643467\/?ref_=ttfc_fc_cl_t5\">Nir Shaviv<\/a><\/td>\n<td class=\"ellipsis\">&#8230;<\/td>\n<td class=\"character\"><a href=\"https:\/\/www.imdb.com\/title\/tt31851190\/characters\/nm2643467?ref_=ttfc_fc_cl_t5\">Self &#8211; Racah Institute of Physics<\/a>\u00a0(as Professor Nir Shaviv)<\/td>\n<\/tr>\n<tr class=\"even\">\n<td class=\"primary_photo\"><a href=\"https:\/\/www.imdb.com\/name\/nm15967351\/?ref_=ttfc_fc_cl_i6\"><img loading=\"lazy\" class=\"loadlate\" title=\"Matthew Wielicki\" src=\"https:\/\/m.media-amazon.com\/images\/M\/MV5BNjYwYTgwMDEtNTZjMC00YTQyLWJiMmQtZDEzYjNhNGViYzAwXkEyXkFqcGc@._V1_UY44_CR7,0,32,44_AL_.jpg\" alt=\"Matthew Wielicki\" width=\"32\" height=\"44\" \/><\/a><\/td>\n<td><a href=\"https:\/\/www.imdb.com\/name\/nm15967351\/?ref_=ttfc_fc_cl_t6\">Matthew Wielicki<\/a><\/td>\n<td class=\"ellipsis\">&#8230;<\/td>\n<td class=\"character\"><a href=\"https:\/\/www.imdb.com\/title\/tt31851190\/characters\/nm15967351?ref_=ttfc_fc_cl_t6\">Self &#8211; Geologist<\/a>\u00a0(as Dr Matthew Wielicki)<\/td>\n<\/tr>\n<tr class=\"odd\">\n<td class=\"primary_photo\"><a href=\"https:\/\/www.imdb.com\/name\/nm2316378\/?ref_=ttfc_fc_cl_i7\"><img loading=\"lazy\" class=\"loadlate\" title=\"Patrick Moore\" src=\"https:\/\/m.media-amazon.com\/images\/M\/MV5BYjA5MWE2ZDEtZTE4ZS00NjZkLTk3NWYtY2I0OTQwZGViZjgzXkEyXkFqcGc@._V1_UY44_CR12,0,32,44_AL_.jpg\" alt=\"Patrick Moore\" width=\"32\" height=\"44\" \/><\/a><\/td>\n<td><a href=\"https:\/\/www.imdb.com\/name\/nm2316378\/?ref_=ttfc_fc_cl_t7\">Patrick Moore<\/a><\/td>\n<td class=\"ellipsis\">&#8230;<\/td>\n<td class=\"character\"><a href=\"https:\/\/www.imdb.com\/title\/tt31851190\/characters\/nm2316378?ref_=ttfc_fc_cl_t7\">Self &#8211; Co-Founder, Greenpeace<\/a><\/td>\n<\/tr>\n<tr class=\"even\">\n<td class=\"primary_photo\"><a href=\"https:\/\/www.imdb.com\/name\/nm4055531\/?ref_=ttfc_fc_cl_i8\"><img loading=\"lazy\" class=\"loadlate\" title=\"Ross McKitrick\" src=\"https:\/\/m.media-amazon.com\/images\/M\/MV5BODI0N2E4OTEtMzgxOC00Yzk5LWIwZjktYjMyYTVmZTlhNjAzXkEyXkFqcGc@._V1_UY44_CR4,0,32,44_AL_.jpg\" alt=\"Ross McKitrick\" width=\"32\" height=\"44\" \/><\/a><\/td>\n<td><a href=\"https:\/\/www.imdb.com\/name\/nm4055531\/?ref_=ttfc_fc_cl_t8\">Ross McKitrick<\/a><\/td>\n<td class=\"ellipsis\">&#8230;<\/td>\n<td class=\"character\"><a href=\"https:\/\/www.imdb.com\/title\/tt31851190\/characters\/nm4055531?ref_=ttfc_fc_cl_t8\">Self &#8211; Economist and Statistician<\/a>\u00a0(as Professor Ross McKitrick)<\/td>\n<\/tr>\n<tr class=\"odd\">\n<td class=\"primary_photo\"><a href=\"https:\/\/www.imdb.com\/name\/nm5278103\/?ref_=ttfc_fc_cl_i9\"><img loading=\"lazy\" class=\"loadlate\" title=\"Willie Soon\" src=\"https:\/\/m.media-amazon.com\/images\/M\/MV5BNWE4OThlZDQtNjQ1OC00NjY4LWIzYTAtNmZhMDQ1NjMwZGQ4XkEyXkFqcGc@._V1_UY44_CR7,0,32,44_AL_.jpg\" alt=\"Willie Soon\" width=\"32\" height=\"44\" \/><\/a><\/td>\n<td><a href=\"https:\/\/www.imdb.com\/name\/nm5278103\/?ref_=ttfc_fc_cl_t9\">Willie Soon<\/a><\/td>\n<td class=\"ellipsis\">&#8230;<\/td>\n<td class=\"character\"><a href=\"https:\/\/www.imdb.com\/title\/tt31851190\/characters\/nm5278103?ref_=ttfc_fc_cl_t9\">Self &#8211; Astrophysicist and Earth Scientist, CERES<\/a>\u00a0(as Dr Willie Soon)<\/td>\n<\/tr>\n<tr class=\"even\">\n<td class=\"primary_photo\"><a href=\"https:\/\/www.imdb.com\/name\/nm2647099\/?ref_=ttfc_fc_cl_i10\"><img loading=\"lazy\" class=\"loadlate\" title=\"Roy Spencer\" src=\"https:\/\/m.media-amazon.com\/images\/M\/MV5BYmNlMGQyNjUtNDY0ZS00YjZmLWE2MzYtMjYwMzhjOWY2NzNhXkEyXkFqcGc@._V1_UY44_CR16,0,32,44_AL_.jpg\" alt=\"Roy Spencer\" width=\"32\" height=\"44\" \/><\/a><\/td>\n<td><a href=\"https:\/\/www.imdb.com\/name\/nm2647099\/?ref_=ttfc_fc_cl_t10\">Roy Spencer<\/a><\/td>\n<td class=\"ellipsis\">&#8230;<\/td>\n<td class=\"character\"><a href=\"https:\/\/www.imdb.com\/title\/tt31851190\/characters\/nm2647099?ref_=ttfc_fc_cl_t10\">Self &#8211; US Science Team Leader, NASA&#8217;s Aqua Satellite<\/a>\u00a0(as Dr Roy Spencer)<\/td>\n<\/tr>\n<tr class=\"odd\">\n<td class=\"primary_photo\"><a href=\"https:\/\/www.imdb.com\/name\/nm6895076\/?ref_=ttfc_fc_cl_i11\"><img loading=\"lazy\" class=\"loadlate\" title=\"Henrik Svensmark\" src=\"https:\/\/m.media-amazon.com\/images\/M\/MV5BNzc5NjI4NGMtODVmMC00NTc0LWE5NGYtYWE4ZDk1ZTBjYWYwXkEyXkFqcGc@._V1_UY44_CR5,0,32,44_AL_.jpg\" alt=\"Henrik Svensmark\" width=\"32\" height=\"44\" \/><\/a><\/td>\n<td><a href=\"https:\/\/www.imdb.com\/name\/nm6895076\/?ref_=ttfc_fc_cl_t11\">Henrik Svensmark<\/a><\/td>\n<td class=\"ellipsis\">&#8230;<\/td>\n<td class=\"character\"><a href=\"https:\/\/www.imdb.com\/title\/tt31851190\/characters\/nm6895076?ref_=ttfc_fc_cl_t11\">Self &#8211; National Space Institute, Denmark<\/a>\u00a0(as Professor Henrik Svensmark)<\/td>\n<\/tr>\n<tr class=\"even\">\n<td class=\"primary_photo\"><a href=\"https:\/\/www.imdb.com\/name\/nm15950422\/?ref_=ttfc_fc_cl_i12\"><img loading=\"lazy\" class=\"loadlate\" title=\"Tom Nelson\" src=\"https:\/\/m.media-amazon.com\/images\/M\/MV5BMTc4NTQ1NTctZTUzMi00MzJmLTg4NGEtNjA3YWY1MTIxOTNjXkEyXkFqcGc@._V1_UY44_CR6,0,32,44_AL_.jpg\" alt=\"Tom Nelson\" width=\"32\" height=\"44\" \/><\/a><\/td>\n<td><a href=\"https:\/\/www.imdb.com\/name\/nm15950422\/?ref_=ttfc_fc_cl_t12\">Tom Nelson<\/a><\/td>\n<td class=\"ellipsis\">&#8230;<\/td>\n<td class=\"character\"><a href=\"https:\/\/www.imdb.com\/title\/tt31851190\/characters\/nm15950422?ref_=ttfc_fc_cl_t12\">Self &#8211; Engineer and Climate Podcaster<\/a><\/td>\n<\/tr>\n<tr class=\"odd\">\n<td class=\"primary_photo\"><a href=\"https:\/\/www.imdb.com\/name\/nm0323838\/?ref_=ttfc_fc_cl_i13\"><img loading=\"lazy\" class=\"loadlate\" title=\"Steve Goddard\" src=\"https:\/\/m.media-amazon.com\/images\/M\/MV5BYWQyYzI1MzAtMjEzNC00OTE3LWI5YWQtNWU1ODUxYTYyZWYwXkEyXkFqcGc@._V1_UY44_CR8,0,32,44_AL_.jpg\" alt=\"Steve Goddard\" width=\"32\" height=\"44\" \/><\/a><\/td>\n<td><a href=\"https:\/\/www.imdb.com\/name\/nm0323838\/?ref_=ttfc_fc_cl_t13\">Steve Goddard<\/a><\/td>\n<td class=\"ellipsis\">&#8230;<\/td>\n<td class=\"character\"><a href=\"https:\/\/www.imdb.com\/title\/tt31851190\/characters\/nm0323838?ref_=ttfc_fc_cl_t13\">Self &#8211; Geologist, Formerly Los Alamos National Laboratory<\/a>\u00a0(as Tony Heller)<\/td>\n<\/tr>\n<tr class=\"even\">\n<td class=\"primary_photo\"><a href=\"https:\/\/www.imdb.com\/name\/nm4932489\/?ref_=ttfc_fc_cl_i14\"><img loading=\"lazy\" class=\"loadlate\" title=\"Benny Peiser\" src=\"https:\/\/m.media-amazon.com\/images\/M\/MV5BNzUyYzM4MTItZTA3NC00ZmVhLWI0MmQtNjlmMDMyOTJiNDY1XkEyXkFqcGc@._V1_UY44_CR8,0,32,44_AL_.jpg\" alt=\"Benny Peiser\" width=\"32\" height=\"44\" \/><\/a><\/td>\n<td><a href=\"https:\/\/www.imdb.com\/name\/nm4932489\/?ref_=ttfc_fc_cl_t14\">Benny Peiser<\/a><\/td>\n<td class=\"ellipsis\">&#8230;<\/td>\n<td class=\"character\"><a href=\"https:\/\/www.imdb.com\/title\/tt31851190\/characters\/nm4932489?ref_=ttfc_fc_cl_t14\">Self &#8211; Global Warming Policy Foundation<\/a>\u00a0(as Dr Benny Peiser)<\/td>\n<\/tr>\n<tr class=\"odd\">\n<td class=\"primary_photo\"><a href=\"https:\/\/www.imdb.com\/name\/nm1560137\/?ref_=ttfc_fc_cl_i15\"><img loading=\"lazy\" class=\"loadlate\" title=\"Sallie Baliunas\" src=\"https:\/\/m.media-amazon.com\/images\/M\/MV5BYjllZWI5ZTMtZjAwZi00MTcyLTk3MTgtOWQ0YmVlNTJlMDQyXkEyXkFqcGc@._V1_UY44_CR14,0,32,44_AL_.jpg\" alt=\"Sallie Baliunas\" width=\"32\" height=\"44\" \/><\/a><\/td>\n<td><a href=\"https:\/\/www.imdb.com\/name\/nm1560137\/?ref_=ttfc_fc_cl_t15\">Sallie Baliunas<\/a><\/td>\n<td class=\"ellipsis\">&#8230;<\/td>\n<td class=\"character\"><a href=\"https:\/\/www.imdb.com\/title\/tt31851190\/characters\/nm1560137?ref_=ttfc_fc_cl_t15\">Self &#8211; Astrophysicist, Formerly Harvard and Smithsonian<\/a>\u00a0(as Professor Sallie Baliunas)<\/td>\n<\/tr>\n<tr class=\"even\">\n<td class=\"primary_photo\"><a href=\"https:\/\/www.imdb.com\/name\/nm2165076\/?ref_=ttfc_fc_cl_i16\"><img loading=\"lazy\" class=\"loadlate\" title=\"Claire Fox\" src=\"https:\/\/m.media-amazon.com\/images\/M\/MV5BYmMwYmQ3YWMtZTA0ZS00NDE1LWJlOGUtYmMyZGNiNDE1NjIwXkEyXkFqcGc@._V1_UY44_CR6,0,32,44_AL_.jpg\" alt=\"Claire Fox\" width=\"32\" height=\"44\" \/><\/a><\/td>\n<td><a href=\"https:\/\/www.imdb.com\/name\/nm2165076\/?ref_=ttfc_fc_cl_t16\">Claire Fox<\/a><\/td>\n<td class=\"ellipsis\">&#8230;<\/td>\n<td class=\"character\"><a href=\"https:\/\/www.imdb.com\/title\/tt31851190\/characters\/nm2165076?ref_=ttfc_fc_cl_t16\">Self &#8211; Baroness Fox of Buckley, Academy of Ideas<\/a><\/td>\n<\/tr>\n<tr class=\"odd\">\n<td class=\"primary_photo\"><a href=\"https:\/\/www.imdb.com\/name\/nm12784457\/?ref_=ttfc_fc_cl_i17\"><img loading=\"lazy\" class=\"loadlate\" title=\"Austin Williams\" src=\"https:\/\/m.media-amazon.com\/images\/M\/MV5BODNlMjk0ZmQtNWU1Mi00ZTJmLWIyNzAtMDFlZGE0NTc4MGEzXkEyXkFqcGc@._V1_UY44_CR10,0,32,44_AL_.jpg\" alt=\"Austin Williams\" width=\"32\" height=\"44\" \/><\/a><\/td>\n<td><a href=\"https:\/\/www.imdb.com\/name\/nm12784457\/?ref_=ttfc_fc_cl_t17\">Austin Williams<\/a><\/td>\n<td class=\"ellipsis\">&#8230;<\/td>\n<td class=\"character\"><a href=\"https:\/\/www.imdb.com\/title\/tt31851190\/characters\/nm12784457?ref_=ttfc_fc_cl_t17\">Self &#8211; Author, Enemies of Progress<\/a><\/td>\n<\/tr>\n<tr class=\"even\">\n<td class=\"primary_photo\"><a href=\"https:\/\/www.imdb.com\/name\/nm11805240\/?ref_=ttfc_fc_cl_i18\"><img loading=\"lazy\" class=\"loadlate\" title=\"Stephen Davies\" src=\"https:\/\/m.media-amazon.com\/images\/M\/MV5BNTdjYzA3OGMtMzkyYi00ZmZkLWI3NzAtZjk1YjIzOGEyNmU5XkEyXkFqcGc@._V1_UY44_CR10,0,32,44_AL_.jpg\" alt=\"Stephen Davies\" width=\"32\" height=\"44\" \/><\/a><\/td>\n<td><a href=\"https:\/\/www.imdb.com\/name\/nm11805240\/?ref_=ttfc_fc_cl_t18\">Stephen Davies<\/a><\/td>\n<td class=\"ellipsis\">&#8230;<\/td>\n<td class=\"character\"><a href=\"https:\/\/www.imdb.com\/title\/tt31851190\/characters\/nm11805240?ref_=ttfc_fc_cl_t18\">Self &#8211; Institute of Economic Affairs<\/a>\u00a0(as Dr Stephen Davies)<\/td>\n<\/tr>\n<tr class=\"odd\">\n<td class=\"primary_photo\"><a href=\"https:\/\/www.imdb.com\/name\/nm16398920\/?ref_=ttfc_fc_cl_i19\"><img loading=\"lazy\" class=\"loadlate\" title=\"Jusper Machogu\" src=\"https:\/\/m.media-amazon.com\/images\/M\/MV5BZjgyMDgxODUtODlmOC00YjJkLTkyZTMtNzgzOGY4NDBmMGJjXkEyXkFqcGc@._V1_UY44_CR6,0,32,44_AL_.jpg\" alt=\"Jusper Machogu\" width=\"32\" height=\"44\" \/><\/a><\/td>\n<td><a href=\"https:\/\/www.imdb.com\/name\/nm16398920\/?ref_=ttfc_fc_cl_t19\">Jusper Machogu<\/a><\/td>\n<td class=\"ellipsis\">&#8230;<\/td>\n<td class=\"character\"><a href=\"https:\/\/www.imdb.com\/title\/tt31851190\/characters\/nm16398920?ref_=ttfc_fc_cl_t19\">Self &#8211; Farmer, Kenya<\/a><\/td>\n<\/tr>\n<\/tbody>\n<\/table>\n<h3><\/h3>\n<hr \/>\n<hr \/>\n<hr \/>\n<p>&nbsp;<\/p>\n<p><img loading=\"lazy\" class=\"aligncenter size-full wp-image-3118\" src=\"http:\/\/www.agust.net\/wordpress\/wp-content\/uploads\/2015\/12\/Solin-loftslagsbreytingar-1.jpg\" alt=\"\" width=\"503\" height=\"540\" srcset=\"http:\/\/www.agust.net\/wordpress\/wp-content\/uploads\/2015\/12\/Solin-loftslagsbreytingar-1.jpg 503w, http:\/\/www.agust.net\/wordpress\/wp-content\/uploads\/2015\/12\/Solin-loftslagsbreytingar-1-279x300.jpg 279w\" sizes=\"(max-width: 503px) 100vw, 503px\" \/><\/p>\n<p>&nbsp;<\/p>\n<p>&nbsp;<\/p>\n<div id=\"attachment_3876\" style=\"width: 1842px\" class=\"wp-caption alignnone\"><img aria-describedby=\"caption-attachment-3876\" loading=\"lazy\" class=\"size-full wp-image-3876\" src=\"http:\/\/www.agust.net\/wordpress\/wp-content\/uploads\/2015\/11\/Loftslagsflottamenn.jpg\" alt=\"\" width=\"1832\" height=\"1407\" srcset=\"http:\/\/www.agust.net\/wordpress\/wp-content\/uploads\/2015\/11\/Loftslagsflottamenn.jpg 1832w, http:\/\/www.agust.net\/wordpress\/wp-content\/uploads\/2015\/11\/Loftslagsflottamenn-300x230.jpg 300w, http:\/\/www.agust.net\/wordpress\/wp-content\/uploads\/2015\/11\/Loftslagsflottamenn-1024x786.jpg 1024w, http:\/\/www.agust.net\/wordpress\/wp-content\/uploads\/2015\/11\/Loftslagsflottamenn-768x590.jpg 768w, http:\/\/www.agust.net\/wordpress\/wp-content\/uploads\/2015\/11\/Loftslagsflottamenn-1536x1180.jpg 1536w\" sizes=\"(max-width: 1832px) 100vw, 1832px\" \/><p id=\"caption-attachment-3876\" class=\"wp-caption-text\">Loftslagsfl\u00f3ttamenn m\u00e6tti kannski kalla myndina, en \u00e1 s\u00ed\u00f0ari hluta 19. aldar fluttu margir \u00cdslendingar til vesturheims \u00ed leit a\u00f0 betra l\u00edfi.\u00a0 Lj\u00f3smynd af Vesturf\u00f6rum um bor\u00f0 \u00ed skipinu Vesturfari tekin af Sigf\u00fasi Eymundssyni. Sj\u00e1 <a href=\"https:\/\/is.wikipedia.org\/wiki\/Vesturfarar\">h\u00e9r<\/a>.<\/p><\/div>\n<p>&nbsp;<\/p>\n","protected":false},"excerpt":{"rendered":"<p>\u00a0&gt;&gt;&gt; Cum Grano Salis &lt;&lt;&lt; D R \u00d6 G \u00a0 \u00cd \u00a0 V I N N S L U\u00a0 \u00a0 &#8211;\u00a0 \u00a0(Upphaflega 2015, s\u00ed\u00f0ast breytt\u00a029\/10\/2024). \u00deessi vefs\u00ed\u00f0a er s\u00edfellt \u00ed vinnslu me\u00f0 n\u00fdju e\u00f0a breyttu efni. (Ne\u00f0anm\u00e1ls eru nokkur vi\u00f0t\u00f6l vi\u00f0, e\u00f0a greinar eftir 8 \u00feekkta \u00edslenska ve\u00f0urfr\u00e6\u00f0inga sem birst hafa \u00ed dagbl\u00f6\u00f0um, svo og&hellip;<\/p>\n","protected":false},"author":2,"featured_media":2360,"comment_status":"closed","ping_status":"closed","sticky":true,"template":"","format":"standard","meta":[],"categories":[1],"tags":[],"_links":{"self":[{"href":"http:\/\/www.agust.net\/wordpress\/wp-json\/wp\/v2\/posts\/3741"}],"collection":[{"href":"http:\/\/www.agust.net\/wordpress\/wp-json\/wp\/v2\/posts"}],"about":[{"href":"http:\/\/www.agust.net\/wordpress\/wp-json\/wp\/v2\/types\/post"}],"author":[{"embeddable":true,"href":"http:\/\/www.agust.net\/wordpress\/wp-json\/wp\/v2\/users\/2"}],"replies":[{"embeddable":true,"href":"http:\/\/www.agust.net\/wordpress\/wp-json\/wp\/v2\/comments?post=3741"}],"version-history":[{"count":36,"href":"http:\/\/www.agust.net\/wordpress\/wp-json\/wp\/v2\/posts\/3741\/revisions"}],"predecessor-version":[{"id":4149,"href":"http:\/\/www.agust.net\/wordpress\/wp-json\/wp\/v2\/posts\/3741\/revisions\/4149"}],"wp:featuredmedia":[{"embeddable":true,"href":"http:\/\/www.agust.net\/wordpress\/wp-json\/wp\/v2\/media\/2360"}],"wp:attachment":[{"href":"http:\/\/www.agust.net\/wordpress\/wp-json\/wp\/v2\/media?parent=3741"}],"wp:term":[{"taxonomy":"category","embeddable":true,"href":"http:\/\/www.agust.net\/wordpress\/wp-json\/wp\/v2\/categories?post=3741"},{"taxonomy":"post_tag","embeddable":true,"href":"http:\/\/www.agust.net\/wordpress\/wp-json\/wp\/v2\/tags?post=3741"}],"curies":[{"name":"wp","href":"https:\/\/api.w.org\/{rel}","templated":true}]}}